{"id":1605,"date":"2026-01-19T07:00:00","date_gmt":"2026-01-19T06:00:00","guid":{"rendered":"https:\/\/nuancesdudroit.fr\/?p=1605"},"modified":"2026-01-19T07:39:07","modified_gmt":"2026-01-19T06:39:07","slug":"le-renvoi-prejudiciel-devant-la-cour-de-justice","status":"publish","type":"post","link":"https:\/\/nuancesdudroit.fr\/?p=1605","title":{"rendered":"Le renvoi pr\u00e9judiciel devant la Cour de justice"},"content":{"rendered":"\n<h2 class=\"wp-block-heading has-text-align-center\">Unit\u00e9 du droit de l\u2019Union, autonomie de l\u2019ordre juridique europ\u00e9en et responsabilit\u00e9 du juge national<\/h2>\n\n\n\n<p style=\"text-align: center;\"><strong style=\"font-size: 12pt; color: #222222; font-family: 'Playfair Display', Georgia, serif;\"><u>\u00a7I \u2013 Textes normatifs de r\u00e9f\u00e9rence<\/u><\/strong><\/p>\n<p><span style=\"font-size: 12pt;\"><strong><em>Sources primaires du droit de l\u2019Union<\/em><\/strong><\/span><\/p>\n<ul>\n<li style=\"text-align: justify;\"><span style=\"font-size: 12pt;\">Article 19 TUE<\/span><\/li>\n<li style=\"text-align: justify;\"><span style=\"font-size: 12pt;\">Article 267 TFUE<\/span><\/li>\n<\/ul>\n<p style=\"text-align: center;\"><span style=\"font-size: 12pt;\"><strong><u>\u00a7II \u2013 Jurisprudence de la Cour de justice de l\u2019Union europ\u00e9enne<\/u><\/strong><\/span><\/p>\n<p style=\"text-align: justify;\"><span style=\"font-size: 12pt;\"><strong><em>Avis <\/em><\/strong><\/span><\/p>\n<ul style=\"text-align: justify;\">\n<li><span style=\"font-size: 12pt;\">CJUE [AP], 8 mars 2011, <em>Avis 1\/09.<\/em><\/span><\/li>\n<li><span style=\"font-size: 12pt;\">CJUE [AP], 18 d\u00e9cembre 2014, <em>Avis 2\/13.<\/em><\/span><\/li>\n<\/ul>\n<p style=\"text-align: justify;\"><span style=\"font-size: 12pt;\"><strong><em>Arr\u00eats<\/em><\/strong><\/span><\/p>\n<ul style=\"text-align: justify;\">\n<li><span style=\"font-size: 12pt;\">CJCE, 6 avril 1962, <em>Bosch<\/em>, Aff. 13\/61.<\/span><\/li>\n<li><span style=\"font-size: 12pt;\">CJCE, 27 mars 1963, <em>Da Costa<\/em>, Aff. 28 \u00e0 30\/62.<\/span><\/li>\n<li><span style=\"font-size: 12pt;\">CJCE, 1<sup>er<\/sup> d\u00e9c. 1965, <em>Firma G. Schwarze<\/em>, Aff. 16\/65.<\/span><\/li>\n<li><span style=\"font-size: 12pt;\">CJCE, 9 d\u00e9c. 1965, <em>Hessische Knappschaft<\/em>, Aff. 44\/65.<\/span><\/li>\n<li><span style=\"font-size: 12pt;\">CJCE, 16 janv. 1974, <em>Rheinm\u00fclhen-D\u00fcsseldorf<\/em>, Aff. 166\/73.<\/span><\/li>\n<li><span style=\"font-size: 12pt;\">CJCE, 9 mars 1978, <em>Simmenthal<\/em>, Aff. 106\/77.<\/span><\/li>\n<li><span style=\"font-size: 12pt;\">CJCE, 29 nov. 1978, <em>Pigs Marketing Board<\/em>, Aff. 83\/78.<\/span><\/li>\n<li><span style=\"font-size: 12pt;\">CJCE, 13 mai 1981, <em>International Chemical Corporation<\/em>, Aff. 66\/80.<\/span><\/li>\n<li><span style=\"font-size: 12pt;\">CJCE, 16 d\u00e9c. 1981, <em>Foglia c\/Novello<\/em>, Aff. 244\/80.<\/span><\/li>\n<li><span style=\"font-size: 12pt;\">CJCE, 6 oct. 1982, <em>Srl CILFIT et Lanificio di Gavardo SpA c\/ Minist\u00e8re de la Sant\u00e9<\/em>, Aff. 283\/81.<\/span><\/li>\n<li><span style=\"font-size: 12pt;\">CJCE, 22 oct. 1987, <em>Foto-Frost<\/em>, Aff. 314\/85.<\/span><\/li>\n<li><span style=\"font-size: 12pt;\">CJCE, 30 sept. 2003, <em>K\u00f6bler<\/em>, Aff. C-224\/01.<\/span><\/li>\n<li><span style=\"font-size: 12pt;\">CJCE [GC], 6 d\u00e9c. 2005, <em>Gaston Schul Douane-Expediteur BV c\/ Minister van Landbouw, Natuur en Voedselkwaliteit<\/em>, Aff. C-461\/03.<\/span><\/li>\n<li><span style=\"font-size: 12pt;\">CJUE [GC], 22 juin 2010, <em>Aziz Melki et S\u00e9lim Abdeli<\/em>, Aff. C-188 et 189\/10.<\/span><\/li>\n<li><span style=\"font-size: 12pt;\">CJUE, 9 sept. 2015, <em>Ferreira da Silva e Brito e.a.<\/em>, Aff. C-160\/14.<\/span><\/li>\n<li><span style=\"font-size: 12pt;\">CJUE, 28 juill. 2016, <em>Association France Nature Environnement<\/em>, Aff. C-379\/15.<\/span><\/li>\n<li><span style=\"font-size: 12pt;\">CJUE, GC, 27 f\u00e9v. 2018, <em>Associa\u00e7\u00e3o Sindical dos Ju\u00edzes Portugueses<\/em>, aff. C\u201164\/16.<\/span><\/li>\n<li><span style=\"font-size: 12pt;\">CJUE [GC], 6 mars 2018, <em>Achmea<\/em>, aff. C-284\/16.<\/span><\/li>\n<li><span style=\"font-size: 12pt;\">CJUE, 4 oct. 2018, <em>Commission c\/ France<\/em>, Aff. C-416\/17.<\/span><\/li>\n<li><span style=\"font-size: 12pt;\">CJUE [GC], 24 juin 2019, <em>Commission c. Pologne<\/em>, aff. C-619\/18.<\/span><\/li>\n<li><span style=\"font-size: 12pt;\">CJUE [GC], 6 oct. 2021, <em>Consorzio Italian Management et Catania Multiservizi<\/em>, aff. C-561\/19.<\/span><\/li>\n<li><span style=\"font-size: 12pt;\">CJUE [GC], 15 oct. 2024, <em>KUBERA<\/em>, aff. C-144\/23.<\/span><\/li>\n<li><span style=\"font-size: 12pt;\">CJUE [GC], 18 d\u00e9c. 2025, <em>Commission europ\u00e9enne c. R\u00e9publique de Pologne<\/em>, aff. C-448\/23.<\/span><\/li>\n<\/ul>\n<p style=\"text-align: center;\"><span style=\"font-size: 12pt;\"><strong><u>\u00a7III \u2013 Jurisprudence de la Cour europ\u00e9enne des droits de l\u2019Homme<\/u><\/strong><\/span><\/p>\n<ul style=\"text-align: justify;\">\n<li><span style=\"font-size: 12pt;\">CEDH, 17 janv. 1970, <em>Delcourt c. Belgique<\/em>, req. n\u00b0 2689\/65.<\/span><\/li>\n<li><span style=\"font-size: 12pt;\">CEDH [d\u00e9c.], 8 juin 1999, <em>Predil Anstalt S.A. c. Italie<\/em>, req. n\u00b0 31993\/96.<\/span><\/li>\n<li><span style=\"font-size: 12pt;\">CEDH [d\u00e9c.], 7 sept. 1999, <em>Dotta c. Italie<\/em>, req. n\u00b0 38399\/97.<\/span><\/li>\n<li><span style=\"font-size: 12pt;\">CEDH, 22 juin 2000, <em>Co\u00ebme et autres c. Belgique<\/em>, req. n\u00b0s 32492\/96, 32547\/96, 32548\/96, 33209\/96 et 33210\/96.<\/span><\/li>\n<li><span style=\"font-size: 12pt;\">CEDH [d\u00e9c.], 8 d\u00e9c. 2009, <em>Herma c. Allemagne<\/em>, req. n\u00b0 54193\/07.<\/span><\/li>\n<li><span style=\"font-size: 12pt;\">CEDH, 20 sept. 2011, <em>Ullens de Schooten<\/em> et <em>Rezabek c.<\/em> <em>Belgique<\/em>, req. n\u00b0 3989\/07 et 38353\/07.<\/span><\/li>\n<li><span style=\"font-size: 12pt;\">CEDH, 8 avril 2014,<em> Dhahbi c. Italie<\/em>, req. n\u00b0 17120\/09.<\/span><\/li>\n<li><span style=\"font-size: 12pt;\">CEDH [GC], 23 mai 2016, <em>Avoti\u0146\u0161 c. Lettonie<\/em>, req. n\u00b0&nbsp;17502\/07.<\/span><\/li>\n<li><span style=\"font-size: 12pt;\">CEDH, 13 f\u00e9v. 2020, <em>Sanofi Pasteur c. France<\/em>, req. n\u00b0 25137\/16.<\/span><\/li>\n<li><span style=\"font-size: 12pt;\">CEDH, 15 d\u00e9c. 2022, <em>Rutar et<\/em> <em>Rutar Marketing D.O.O. c. Slov\u00e9nie<\/em>, req. n\u00b0 21164\/20.<\/span><\/li>\n<li><span style=\"font-size: 12pt;\">CEDH, 14 mars 2023, <em>G\u00e9orgiou c. Gr\u00e8ce<\/em>, req. n\u00b0 57378\/18.<\/span><\/li>\n<li><span style=\"font-size: 12pt;\">CEDH, 16 d\u00e9c. 2025, <em>Gondert c. Allemagne<\/em>, req. n\u00b0 34701\/21.<\/span><\/li>\n<\/ul>\n<p style=\"text-align: justify;\"><span style=\"font-size: 12pt;\"><strong><em><u>Pour approfondir<\/u><\/em><\/strong>&nbsp;:<\/span><\/p>\n<ul style=\"text-align: justify;\">\n<li><span style=\"font-size: 10pt;\"><em><u>Sur la fonction du juge national<\/u><\/em>: Gaudin (dir.), M. Blanquet, J.&nbsp;Andriantsimbazovina, F. Fines, <em>Les grands arr\u00eats de la Cour de justice de l\u2019Union europ\u00e9enne<\/em>, Dalloz,&nbsp;; D. Simon, <em>Le syst\u00e8me juridique de l\u2019Union europ\u00e9enne<\/em>, PUF, 2001, 780 p.&nbsp;; O.&nbsp;Dubos, <em>Les juridictions nationales, juge communautaire<\/em>, Dalloz, coll. \u201cNouvelle biblioth\u00e8que des th\u00e8ses\u201d, Paris, 2001 ; J.&nbsp;Teyssedre, <em>Le Conseil d\u2019\u00c9tat, juge de droit commun du droit de l\u2019Union<\/em> <em>europ\u00e9enne<\/em>, LGDJ, coll. \u201cBiblioth\u00e8que de droit international et de l\u2019Union europ\u00e9enne\u201d, Paris, 2022.<\/span><\/li>\n<li><span style=\"font-size: 10pt;\"><em><u>Sur le renvoi pr\u00e9judiciel<\/u><\/em>: Coutron (dir.), <em>L\u2019obligation de renvoi pr\u00e9judiciel \u00e0 la Cour de justice&nbsp;: Une obligation sanctionn\u00e9e&nbsp;?<\/em>, Bruylant, coll. \u201cDroit de l\u2019Union europ\u00e9enne\u201d, Bruxelles, 2014 ; C.&nbsp;Vocanson, <em>Le Conseil d\u2019\u00c9tat fran\u00e7ais et le renvoi pr\u00e9judiciel devant la Cour de justice de l\u2019Union europ\u00e9enne<\/em>, Dalloz, coll. \u201cNouvelle Biblioth\u00e8que des Th\u00e8ses\u201d, Paris, 2014&nbsp;; M. Blanquet, <em>Droit g\u00e9n\u00e9ral de l\u2019Union europ\u00e9enne<\/em>, Sirey, Paris, 2018, pp. 827 et s.&nbsp;; J.&nbsp;Wildemeersch, <em>Contentieux de la l\u00e9galit\u00e9 des actes de l\u2019Union europ\u00e9enne&nbsp;: Le mythe du droit \u00e0 un recours effectif<\/em>, Bruylant, coll. \u201cDroit de l\u2019Union europ\u00e9enne\u201d, Bruxelles, 2019 ; P de Lapasse et I.&nbsp;Guyon-Renard, \u00ab Le renvoi pr\u00e9judiciel : Comment concr\u00e8tement favoriser \u201cle dialogue de juge \u00e0 juge\u201d ? \u00bb, <em>Revue justice actualit\u00e9s<\/em>, n\u00b0 22, 2019, pp. 39-45&nbsp;; J. Pertek, <em>Le renvoi pr\u00e9judiciel&nbsp;: Droit, libert\u00e9 ou obligation de coop\u00e9ration des juridictions nationales avec la CJUE<\/em>, Bruylant, coll. \u201cDroit de l\u2019Union europ\u00e9enne\u201d, Bruxelles, 2021&nbsp;; J. Teyssedre, \u00ab&nbsp;L\u2019\u00e9volution des relations de la Cour justice et des juges nationaux \u00e0 l\u2019aune de la crise de l\u2019\u00c9tat de droit&nbsp;\u00bb, <em>RDLF<\/em> [<a href=\"https:\/\/revuedlf.com\/droit-ue\/levolution-des-relations-de-la-cour-justice-et-des-juges-nationaux-a-laune-de-la-crise-de-letat-de-droit\/#_ftn26\">En ligne<\/a>], chron. n\u00b0 15, 2023&nbsp;; H. Gaudin, <em>Droit institutionnel de l\u2019Union europ\u00e9enne<\/em>, PUF, coll. \u201cDroit fondamental \u2013 Manuels\u201d, Paris, 2025, pp. 287-288.<\/span><\/li>\n<li><span style=\"font-size: 10pt;\"><em><u>Sur les arr\u00eats pr\u00e9sent\u00e9s<\/u><\/em> : Coutron, \u00ab&nbsp;L\u2019arr\u00eat <em>Schul<\/em>: Une occasion manqu\u00e9e de revisiter la jurisprudence <em>Foto-Frost&nbsp;<\/em>?&nbsp;\u00bb, <em>RTDEu.<\/em> 2007, pp. 491-511&nbsp;; F. Donnat, \u00ab&nbsp;La Cour de justice et la QPC&nbsp;: Chronique d\u2019un arr\u00eat pr\u00e9visible et impr\u00e9vu&nbsp;\u00bb, <em>D. <\/em>2010, pp. 1640-1647 ; D. Simon, \u00ab&nbsp;Responsabilit\u00e9 des \u00c9tats membres du fait des d\u00e9cisions de justice \u00bb, <em>Europe<\/em>, n\u00ba 11, 2015, pp. 12-13&nbsp;; O. E. Torres, \u00ab&nbsp;Manquement \u00e0 l\u2019obligation de renvoi pr\u00e9judiciel et l\u2019interpr\u00e9tation incorrecte du droit de l\u2019Union&nbsp;\u00bb, <a href=\"https:\/\/blogdroiteuropeen.com\/2018\/10\/26\/arret-commission-c-france-manquement-a-lobligation-de-renvoi-prejudiciel-et-linterpretation-incorrecte-du-droit-de-lunion-par\/\">blogdroiteuropeen.com.<\/a>&nbsp;; F.-V. Guiot, \u00ab&nbsp;La responsabilit\u00e9 des juridictions supr\u00eames dans le renvoi pr\u00e9judiciel&nbsp;: <em>With great(er) power, (at last) comes great responsibility&nbsp;<\/em>?&nbsp;\u00bb, <em>C.D.E<\/em>., n\u00b0 2, 2016, pp.&nbsp;575-630.<\/span><\/li>\n<li><span style=\"font-size: 10pt;\"><em><u>Sur le r\u00f4le et les enjeux du renvoi pr\u00e9judiciel&nbsp;<\/u><\/em>: N. Lepoutre, \u00ab&nbsp;Le renvoi pr\u00e9judiciel et l\u2019instauration d\u2019un dialogue des juges&nbsp;: Le cas de la Cour de justice de l\u2019Union europ\u00e9enne et du juge administratif fran\u00e7ais&nbsp;\u00bb, <a href=\"https:\/\/theses.hal.science\/tel-03675211v1\/file\/2016LIL20019.pdf\"><em>Jurisdoctoria<\/em><\/a> n\u00b0 6, 2011&nbsp;; H.&nbsp;Gaudin, \u00ab&nbsp;Le renvoi pr\u00e9judiciel devant la Cour de justice de l\u2019Union europ\u00e9enne, cl\u00e9 d\u2019un ordre juridique en r\u00e9seau ?&nbsp;\u00bb <em>Revue g\u00e9n\u00e9rale du droit<\/em>, 2019&nbsp;; H. Gaudin, \u00ab&nbsp;Quelle strat\u00e9gie contentieuse de protection des droits fondamentaux devant le juge national en p\u00e9riode de crise&nbsp;: R\u00e9flexe constitutionnel et r\u00e9flexe europ\u00e9en&nbsp;? \u00bb, <em>Revue g\u00e9n\u00e9rale du droit<\/em>, 2020 ; H.&nbsp;Gaudin, \u00ab Poser une question pr\u00e9judicielle \u00e0 la Cour de justice de l\u2019Union europ\u00e9enne \u00bb, <em>Europe<\/em>, 2020, p. 45&nbsp;; H. Gaudin, \u00ab&nbsp;Reconna\u00eetre un droit au renvoi pr\u00e9judiciel dans l\u2019ordre juridique de l\u2019Union&nbsp;?&nbsp;\u00bb, <em>Europe<\/em>, n\u00b0 6, 2019, pp. 1-6 ; H.&nbsp;Gaudin, \u00ab Au-del\u00e0 de l\u2019unit\u00e9 vers le pluralisme \u00bb, in H.&nbsp;Gaudin (dir.), <em>R\u00e9seau de normes, r\u00e9seau de juridictions&nbsp;: Le nouveau paradigme des droits fondamentaux en Europe, entre primaut\u00e9 et clause la plus protectrice,<\/em> Mare &amp; Martin, coll. \u201cHorizons europ\u00e9ens\u201d, Paris, 2021, pp. 15-25 ; H.&nbsp;Gaudin, \u00ab Le renvoi pr\u00e9judiciel ne serait donc pas un droit pour le justiciable ? \u00c0 propos de l\u2019arr\u00eat du CE, 1<sup>er<\/sup> avril 2022, <em> Kermadec<\/em>\u00bb, <em>L\u2019Observateur de Bruxelles<\/em>, n\u00b0 129, 2022, pp. 40-44&nbsp;; H. Gaudin, \u00ab&nbsp;Proc\u00e9dure pr\u00e9judicielle et droits des justiciables&nbsp;\u00bb, in H. Gaudin (dir.), <em>Justiciables et renvoi pr\u00e9judiciel \u00e0 la Cour de justice de l\u2019Union europ\u00e9enne<\/em>, Dalloz, coll. \u201cTh\u00e8mes &amp; commentaires\u201d, Paris, 2025, pp. 3-9.<\/span><\/li>\n<\/ul>\n<p style=\"text-align: justify;\">&nbsp;<\/p>\n<p style=\"text-align: justify;\"><span style=\"font-size: 12pt;\">Le renvoi pr\u00e9judiciel pr\u00e9vu \u00e0 l\u2019<a href=\"https:\/\/eur-lex.europa.eu\/legal-content\/FR\/TXT\/HTML\/?uri=CELEX%3A12008E267\">article 267 du TFUE<\/a> est souvent appr\u00e9hend\u00e9 comme un m\u00e9canisme de coop\u00e9ration juridictionnelle permettant \u00e0 la Cour de garantir l\u2019interpr\u00e9tation uniforme du droit de l\u2019Union. Cette pr\u00e9sentation, largement r\u00e9pandue dans les manuels et les commentaires, est exacte dans son principe, mais insuffisante dans ses implications. Elle tend \u00e0 enfermer le m\u00e9canisme du renvoi pr\u00e9judiciel dans une lecture purement fonctionnelle, comme s\u2019il s\u2019agissait d\u2019un simple instrument technique destin\u00e9 \u00e0 r\u00e9soudre ponctuellement des difficult\u00e9s d\u2019interpr\u00e9tation.<\/span><\/p>\n<p style=\"text-align: justify;\"><span style=\"font-size: 12pt;\">Or, le renvoi pr\u00e9judiciel ne se contente pas d\u2019assurer une fonction d\u2019harmonisation. Il constitue l\u2019un des dispositifs structurants de l\u2019ordre juridique de l\u2019Union, au sens le plus fort du terme. Il est le m\u00e9canisme par lequel un ordre juridique profond\u00e9ment d\u00e9centralis\u00e9 parvient \u00e0 se maintenir comme ordre unitaire, autonome et coh\u00e9rent, sans disposer d\u2019une hi\u00e9rarchie juridictionnelle compl\u00e8te comparable \u00e0 celle d\u2019un \u00c9tat. C\u2019est pr\u00e9cis\u00e9ment cette fonction structurante que la Cour de justice a consacr\u00e9e lorsqu\u2019elle a qualifi\u00e9 le renvoi pr\u00e9judiciel de \u00ab&nbsp;<em>clef de vo\u00fbte du syst\u00e8me juridictionnel de l\u2019Union<\/em>&nbsp;\u00bb, notamment dans le c\u00e9l\u00e8bre <a href=\"https:\/\/curia.europa.eu\/juris\/document\/document.jsf?docid=160882&amp;doclang=FR\"><em>avis 2\/13<\/em><\/a>. Cette qualification traduit l\u2019id\u00e9e que, sans le renvoi pr\u00e9judiciel, l\u2019\u00e9difice juridictionnel de l\u2019UE perdrait son principe d\u2019\u00e9quilibre. L\u2019unit\u00e9 du droit de l\u2019Union serait menac\u00e9e non par une contestation frontale, plut\u00f4t par une multiplication silencieuse d\u2019interpr\u00e9tations nationales divergentes, chacune juridiquement d\u00e9fendable dans son contexte propre, mais incompatibles entre elles \u00e0 l\u2019\u00e9chelle europ\u00e9enne. Le renvoi pr\u00e9judiciel appara\u00eet ainsi comme un instrument juridique pour atteindre l\u2019unit\u00e9 dans la diversit\u00e9. Il ne repose ni sur la centralisation du contentieux, ni sur une subordination hi\u00e9rarchique des juridictions nationales, mais sur une m\u00e9thode&nbsp;: le dialogue juridictionnel encadr\u00e9 par le droit. Cette m\u00e9thode impose au juge national, lorsqu\u2019il applique le droit de l\u2019Union, non seulement de respecter des normes substantielles, mais aussi d\u2019adopter une certaine attitude juridictionnelle face au doute, \u00e0 l\u2019incertitude et au d\u00e9saccord.<\/span><\/p>\n<p style=\"text-align: justify;\"><span style=\"font-size: 12pt;\">C\u2019est cette dimension, \u00e0 la fois <em>objective<\/em> et <em>subjective<\/em>, que ce dossier se propose d\u2019explorer. Objectivement, le renvoi pr\u00e9judiciel garantit l\u2019unit\u00e9, la coh\u00e9rence et l\u2019autonomie du droit de l\u2019Union. Subjectivement, il transforme l\u2019office du juge national, en faisant de lui un acteur responsable du lien inter-juridictionnel europ\u00e9en, tenu soit de dialoguer avec la Cour, soit d\u2019assumer pleinement, par une motivation rigoureuse, la d\u00e9cision de ne pas le faire.<\/span><\/p>\n<p style=\"text-align: center;\"><span style=\"font-size: 12pt;\"><strong><u>\u00a7I \u2013 Les juridictions nationales comme juges de droit commun du droit de l\u2019Union : le renvoi comme charni\u00e8re structurelle<\/u><\/strong><\/span><\/p>\n<p style=\"text-align: justify;\"><span style=\"font-size: 12pt;\">Le renvoi pr\u00e9judiciel ne peut \u00eatre compris qu\u2019\u00e0 partir d\u2019une donn\u00e9e fondamentale&nbsp;: le droit de l\u2019Union est appliqu\u00e9, pour l\u2019essentiel, par les juridictions nationales. Cette caract\u00e9ristique n\u2019est pas accidentelle&nbsp;; elle est constitutive de l\u2019ordre juridique de l\u2019Union. Contrairement \u00e0 un \u00c9tat f\u00e9d\u00e9ral, l\u2019Union europ\u00e9enne ne dispose pas d\u2019un appareil juridictionnel complet et hi\u00e9rarchis\u00e9 charg\u00e9 d\u2019assurer, \u00e0 tous les niveaux, l\u2019application de son droit. Les juridictions de l\u2019Union ont une comp\u00e9tence d\u2019attribution&nbsp;; le contentieux ordinaire du droit de l\u2019Union se d\u00e9ploie donc devant les juges nationaux. Cette r\u00e9alit\u00e9 explique la cardinalit\u00e9 de la formule, d\u00e9sormais classique, selon laquelle les juridictions nationales sont les <em>juges de droit commun du droit de l\u2019Union<\/em>. D\u00e8s l\u2019arr\u00eat <a href=\"https:\/\/eur-lex.europa.eu\/legal-content\/FR\/TXT\/HTML\/?uri=CELEX:61962CJ0026\"><em>Van Gend en Loos<\/em>,<\/a> la Cour de justice affirme que le droit de l\u2019UE constitue un nouvel ordre juridique dont les sujets sont non seulement les \u00c9tats membres, mais aussi les particuliers, et que ces derniers peuvent invoquer directement certaines normes devant les juridictions nationales. Cette affirmation implique corr\u00e9lativement que ces juridictions sont investies d\u2019une mission europ\u00e9enne&nbsp;: elles ne se contentent pas d\u2019appliquer un droit \u201cext\u00e9rieur\u201d, elles participent \u00e0 la mise en \u0153uvre d\u2019un ordre juridique autonome.<\/span><\/p>\n<p style=\"text-align: justify;\"><span style=\"font-size: 12pt;\">Cette transformation de l\u2019office du juge national est pleinement assum\u00e9e dans l\u2019arr\u00eat <a href=\"https:\/\/eur-lex.europa.eu\/query.html?DN=61977??0106&amp;locale=FR\"><em>Simmenthal<\/em><\/a>. En imposant au juge national de laisser inappliqu\u00e9e toute norme nationale contraire au droit de l\u2019Union, sans attendre son \u00e9limination par les voies internes, la Cour conf\u00e8re au juge national un r\u00f4le d\u00e9cisif dans la garantie de la primaut\u00e9 et de l\u2019effectivit\u00e9 du droit de l\u2019Union. Le juge national devient ainsi le point de contact imm\u00e9diat entre l\u2019ordre juridique europ\u00e9en et les situations juridiques internes. Mais cette d\u00e9centralisation de l\u2019application du droit de l\u2019Union comporte un risque structurel \u00e9vident&nbsp;: celui de la fragmentation interpr\u00e9tative. Si chaque juridiction nationale \u00e9tait libre de d\u00e9terminer seule le sens et la port\u00e9e du droit de l\u2019Union, l\u2019unit\u00e9 de cet ordre juridique serait rapidement compromise. Le droit de l\u2019UE se dissoudrait dans une pluralit\u00e9 et une diversit\u00e9 d\u2019interpr\u00e9tations nationales, chacune coh\u00e9rente dans son propre syst\u00e8me, mais incompatibles entre elles. C\u2019est pr\u00e9cis\u00e9ment pour conjurer ce risque que le renvoi pr\u00e9judiciel intervient. Il ne remet pas en cause la comp\u00e9tence du juge national pour trancher le litige&nbsp;; il ne constitue ni une voie de recours ni un m\u00e9canisme de dessaisissement. Il organise, tout au contraire, une r\u00e9partition fonctionnelle des r\u00f4les&nbsp;: \u00e0 la Cour revient l\u2019interpr\u00e9tation authentique du droit de l\u2019Union et le contr\u00f4le de la validit\u00e9 des actes&nbsp;; au juge national revient l\u2019application concr\u00e8te de ce droit et la r\u00e9solution du litige.<\/span><\/p>\n<p style=\"text-align: justify;\"><span style=\"font-size: 12pt;\">Le renvoi appara\u00eet alors comme une \u00ab&nbsp;<em>charni\u00e8re<\/em>&nbsp;\u00bb<a href=\"#_ftn1\" name=\"_ftnref1\">[1]<\/a>&nbsp;: il permet \u00e0 un ordre juridique sans hi\u00e9rarchie de fonctionner malgr\u00e9 tout comme un ordre commun. Cette fonction explique que la Cour ait pu inlassablement qualifier le renvoi de \u00ab&nbsp;clef de vo\u00fbte&nbsp;\u00bb du syst\u00e8me juridictionnel de l\u2019Union. Toucher au renvoi, c\u2019est toucher \u00e0 la capacit\u00e9 m\u00eame de l\u2019Union \u00e0 se maintenir comme ordre juridique autonome.<\/span><\/p>\n<p style=\"text-align: center;\"><span style=\"font-size: 12pt;\"><strong><u>\u00a7II \u2013 Les deux objets du renvoi pr\u00e9judiciel : l\u2019interpr\u00e9tation et la validit\u00e9<\/u><\/strong><\/span><\/p>\n<p style=\"text-align: justify;\"><span style=\"font-size: 12pt;\">L\u2019article 267 TFUE distingue deux types de questions pouvant \u00eatre soumises \u00e0 la Cour de&nbsp; justice&nbsp;: les questions d\u2019interpr\u00e9tation du droit de l\u2019Union et les questions d\u2019appr\u00e9ciation de la validit\u00e9 des actes de droit d\u00e9riv\u00e9. Cette distinction, souvent pr\u00e9sent\u00e9e comme purement technique, r\u00e9v\u00e8le une distribution diff\u00e9renci\u00e9e de l\u2019autorit\u00e9 juridictionnelle au sein de l\u2019ordre juridique de l\u2019Union.<\/span><\/p>\n<p style=\"text-align: justify;\"><span style=\"font-size: 12pt;\"><em><u>A) L\u2019interpr\u00e9tation du droit de l\u2019Union : unit\u00e9 sans hi\u00e9rarchie, autorit\u00e9 sans rigidit\u00e9<\/u><\/em><\/span><\/p>\n<p style=\"text-align: justify;\"><span style=\"font-size: 12pt;\">En mati\u00e8re d\u2019interpr\u00e9tation, la logique du renvoi est celle de l\u2019unit\u00e9. La Cour de justice a constamment affirm\u00e9 que la r\u00e9ponse donn\u00e9e \u00e0 titre pr\u00e9judiciel s\u2019impose au juge qui l\u2019a sollicit\u00e9e. Dans l\u2019ordonnance <a href=\"https:\/\/eur-lex.europa.eu\/legal-content\/EN\/TXT\/?uri=celex:61985CO0069\"><em>W\u00fcnsche<\/em><\/a>, elle pr\u00e9cise que l\u2019interpr\u00e9tation fournie lie la juridiction nationale avec une autorit\u00e9 comparable \u00e0 celle de la chose jug\u00e9e. Appliquer le droit de l\u2019Union, pour le juge national, signifie donc l\u2019appliquer tel qu\u2019interpr\u00e9t\u00e9 par la Cour, comme elle l\u2019a rappel\u00e9 dans l\u2019arr\u00eat <a href=\"https:\/\/curia.europa.eu\/juris\/liste.jsf?language=fr&amp;num=C-453\/00\"><em>K\u00fchne<\/em> <em>et<\/em> <em>Heitz<\/em>.<\/a><\/span><\/p>\n<p style=\"text-align: justify;\"><span style=\"font-size: 12pt;\">Cette autorit\u00e9 est indispensable \u00e0 l\u2019unit\u00e9 du droit de l\u2019Union. Sans elle, le renvoi pr\u00e9judiciel serait priv\u00e9 d\u2019\u00ab&nbsp;effet utile&nbsp;\u00bb. Mais cette unit\u00e9 ne se confond pas avec une rigidit\u00e9 interpr\u00e9tative. D\u00e8s l\u2019arr\u00eat <a href=\"https:\/\/eur-lex.europa.eu\/legal-content\/FR\/AUTO\/?uri=ecli:ECLI%3AEU%3AC%3A1963%3A6&amp;locale=fr\"><em>Da Costa<\/em><\/a>, la Cour admet que le juge national demeure libre de la saisir \u00e0 nouveau d\u2019une question d\u00e9j\u00e0 tranch\u00e9e, notamment lorsque le contexte normatif ou jurisprudentiel a \u00e9volu\u00e9. L\u2019interpr\u00e9tation du droit de l\u2019Union est ainsi con\u00e7ue comme un processus continu, fond\u00e9 sur la circulation des questions et des r\u00e9ponses. Le renvoi en interpr\u00e9tation r\u00e9alise ainsi une unit\u00e9 dynamique, compatible avec l\u2019\u00e9volution du droit de l\u2019UE. Il ne cr\u00e9e pas un syst\u00e8me de pr\u00e9c\u00e9dent rigide, mais un cadre commun dans lequel les interpr\u00e9tations peuvent se stabiliser, se pr\u00e9ciser ou se corriger au fil du temps.<\/span><\/p>\n<p style=\"text-align: justify;\"><span style=\"font-size: 12pt;\"><em><u>B) La validit\u00e9 du droit d\u00e9riv\u00e9 : objectivit\u00e9 de l\u2019ill\u00e9galit\u00e9 et centralisation du pouvoir de contr\u00f4le<\/u><\/em><\/span><\/p>\n<p style=\"text-align: justify;\"><span style=\"font-size: 12pt;\">En mati\u00e8re de validit\u00e9, la logique du renvoi pr\u00e9judiciel est sensiblement diff\u00e9rente. L\u2019ill\u00e9galit\u00e9 d\u2019un acte de l\u2019Union pr\u00e9sente un caract\u00e8re objectif&nbsp;: elle ne saurait varier selon les \u00c9tats membres sans compromettre l\u2019unit\u00e9 m\u00eame de l\u2019ordre juridique. C\u2019est pourquoi la Cour a tr\u00e8s t\u00f4t affirm\u00e9 que la constatation de l\u2019invalidit\u00e9 devait produire des effets d\u00e9passant le seul litige principal. En effet, dans l\u2019arr\u00eat <a href=\"https:\/\/eur-lex.europa.eu\/legal-content\/FR\/ALL\/?uri=CELEX:61980CJ0066\"><em>International Chemical Corporation<\/em><\/a>, la Cour pr\u00e9cise que la constatation de l\u2019invalidit\u00e9 n\u2019entra\u00eene pas l\u2019annulation formelle de l\u2019acte, mais impose \u00e0 toutes les juridictions nationales de refuser son application et oblige les institutions de l\u2019Union \u00e0 en tirer les cons\u00e9quences. Cette solution traduit une exigence de s\u00e9curit\u00e9 juridique et de coh\u00e9rence syst\u00e9mique.<\/span><\/p>\n<p style=\"text-align: justify;\"><span style=\"font-size: 12pt;\">Cette logique est port\u00e9e \u00e0 son point culminant dans l\u2019arr\u00eat <a href=\"https:\/\/eur-lex.europa.eu\/legal-content\/FR\/ALL\/?uri=CELEX:61985CJ0314\"><em>Foto-Frost<\/em><\/a>. En interdisant aux juridictions nationales de constater elles-m\u00eames l\u2019invalidit\u00e9 d\u2019un acte de l\u2019Union, la Cour se reconna\u00eet un monopole sur le contr\u00f4le de validit\u00e9. Cette solution est parfois critiqu\u00e9e pour son asym\u00e9trie th\u00e9orique, dans la mesure o\u00f9 le juge national peut tenir un acte pour valide, mais non pour invalide. Mais cette asym\u00e9trie est, \u00e0 la v\u00e9rit\u00e9, profond\u00e9ment logique&nbsp;: dire qu\u2019un acte est invalide, c\u2019est produire un effet potentiellement g\u00e9n\u00e9ral, susceptible de d\u00e9stabiliser l\u2019ensemble de l\u2019ordre juridique. Le contr\u00f4le de validit\u00e9 est donc centralis\u00e9 par n\u00e9cessit\u00e9 syst\u00e9mique.<\/span><\/p>\n<p style=\"text-align: center;\"><span style=\"font-size: 12pt;\"><strong><u>\u00a7III \u2013 Recevabilit\u00e9 et pertinence du renvoi : dialogue inter-juridictionnel et coop\u00e9ration loyale<\/u><\/strong><\/span><\/p>\n<p style=\"text-align: justify;\"><span style=\"font-size: 12pt;\">Le renvoi pr\u00e9judiciel n\u2019est pas une proc\u00e9dure automatique ni un instrument de consultation abstraite. Encore faut-il que la question pos\u00e9e soit recevable et pertinente. La Cour de justice l\u2019a affirm\u00e9 tr\u00e8s t\u00f4t dans l\u2019arr\u00eat <a href=\"https:\/\/www.revuegeneraledudroit.eu\/blog\/decisions\/cjce-16-decembre-1981-pasquale-foglia-contre-mariella-novello-aff-n244-80\/\"><em>Pasquale Foglia c. Mariella<\/em> <em>Novello<\/em><\/a>, dans lequel elle refuse de r\u00e9pondre \u00e0 des questions construites artificiellement par les parties, en l\u2019absence d\u2019un authentique litige. Par cet arr\u00eat, la Cour ne cherche pas \u00e0 restreindre le dialogue juridictionnel, mais \u00e0 en pr\u00e9server la nature. Le renvoi pr\u00e9judiciel est un instrument de coop\u00e9ration directe \u2013 comme la Cour le d\u00e9clare dans l\u2019<a href=\"https:\/\/curia.europa.eu\/juris\/document\/document.jsf?docid=80233&amp;doclang=FR&amp;mode=req\"><em>avis 1\/09<\/em><\/a> \u2013 destin\u00e9 \u00e0 r\u00e9soudre des litiges r\u00e9els, non un moyen de solliciter quelques avis consultatifs ou de contourner les voies de droit internes. Le contr\u00f4le de la pertinence vise ainsi \u00e0 garantir la sinc\u00e9rit\u00e9 du dialogue inter-juridictionnel. Ce contr\u00f4le joue un r\u00f4le fondamental dans l\u2019\u00e9conomie de l\u2019article 267 TFUE. Il rappelle que le dialogue inter-juridictionnel suppose une responsabilit\u00e9 partag\u00e9e&nbsp;: le juge national doit poser des questions utiles et ancr\u00e9es dans le litige&nbsp;; la Cour, de son c\u00f4t\u00e9, accepte de r\u00e9pondre d\u00e8s lors que la question est n\u00e9cessaire \u00e0 la solution du diff\u00e9rend. Le renvoi pr\u00e9judiciel appara\u00eet ainsi comme une coop\u00e9ration exigeante, fond\u00e9e sur la loyaut\u00e9 et la rigueur, et non comme un simple m\u00e9canisme d\u2019assistance.<\/span><\/p>\n<p style=\"text-align: center;\"><span style=\"font-size: 12pt;\"><strong><u>\u00a7IV \u2013 L\u2019obligation de renvoi, l\u2019\u00ab acte clair \u00bb et la transformation du doute en responsabilit\u00e9<\/u><\/strong><\/span><\/p>\n<p style=\"text-align: justify;\"><span style=\"font-size: 12pt;\">La distinction op\u00e9r\u00e9e par l\u2019\u00e9nonc\u00e9 de l\u2019article 267 du TFUE entre les juridictions dont les d\u00e9cisions sont susceptibles de recours et celles qui statuent en dernier ressort conf\u00e8re une place centrale \u00e0 la notion de doute. Si les juridictions inf\u00e9rieures disposent d\u2019une <em>facult\u00e9<\/em> de renvoi, les juridictions supr\u00eames sont, en principe, <em>oblig\u00e9es<\/em> de saisir la Cour de justice d\u00e8s lors qu\u2019une question de droit de l\u2019Union est n\u00e9cessaire \u00e0 la r\u00e9solution d\u2019un litige. Cette obligation n\u2019est toutefois ni m\u00e9canique ni aveugle&nbsp;: elle est encadr\u00e9e par une jurisprudence, qui a progressivement transform\u00e9 l\u2019obligation de renvoi en \u00e9preuve de responsabilit\u00e9 inter-juridictionnelle.<\/span><\/p>\n<p style=\"text-align: justify;\"><span style=\"font-size: 12pt;\">L\u2019arr\u00eat <a href=\"https:\/\/eur-lex.europa.eu\/legal-content\/FR\/TXT\/HTML\/?uri=CELEX:61981CJ0283\"><em>Cilfit<\/em><\/a> constitue \u00e0 cet \u00e9gard le point de d\u00e9part incontournable. En admettant que la juridiction supr\u00eame puisse s\u2019abstenir de renvoyer lorsqu\u2019il n\u2019existe aucun doute raisonnable sur l\u2019interpr\u00e9tation du droit de l\u2019Union, la Cour de justice n\u2019a pas ouvert un espace de libert\u00e9 discr\u00e9tionnaire&nbsp;; elle a, au contraire, impos\u00e9 une charge argumentative lourde. L\u2019\u00ab&nbsp;acte clair&nbsp;\u00bb n\u2019est pas une \u00e9vidence subjective ni une intuition juridictionnelle&nbsp;: il doit r\u00e9sulter d\u2019un raisonnement prenant en compte la dimension pluraliste du droit de l\u2019Union, son insertion dans un syst\u00e8me normatif autonome et son \u00e9volution constante. Cette exigence a longtemps \u00e9t\u00e9 per\u00e7ue comme th\u00e9orique, voire irr\u00e9aliste. Mais la jurisprudence ult\u00e9rieure montre que la Cour n\u2019a jamais renonc\u00e9 \u00e0 cette rigueur. Au contraire, elle l\u2019a progressivement densifi\u00e9e. Par exemple, dans l\u2019arr\u00eat <a href=\"https:\/\/curia.europa.eu\/juris\/liste.jsf?language=fr&amp;td=ALL&amp;num=C-561\/19\"><em>Consorzio Italian Management<\/em><\/a>, la Cour rappelle avec force que l\u2019acte clair ne peut \u00eatre invoqu\u00e9 de mani\u00e8re abstraite ou autor\u00e9f\u00e9rentielle. Le juge national ne peut se contenter d\u2019affirmer qu\u2019il n\u2019\u00e9prouve aucun doute&nbsp;; il doit \u00eatre en mesure de prouver que l\u2019absence de doute serait aussi partag\u00e9e par les juridictions des autres \u00c9tats membres et par la Cour elle-m\u00eame. L\u2019arr\u00eat <a href=\"https:\/\/curia.europa.eu\/juris\/liste.jsf?language=fr&amp;num=C-160\/14\"><em>Ferreira da Silva e Brito<\/em><\/a> est \u00e9galement important. La Cour y introduit un crit\u00e8re particuli\u00e8rement exigeant&nbsp;: l\u2019existence de divergences jurisprudentielles ou de difficult\u00e9s interpr\u00e9tatives persistantes rend, par elle-m\u00eame, suspecte l\u2019invocation de l\u2019\u00ab&nbsp;acte clair&nbsp;\u00bb. Autrement dit, le doute n\u2019est plus seulement subjectif&nbsp;; il devient objectivable. Lorsqu\u2019un domaine du droit de l\u2019Union donne lieu \u00e0 des interpr\u00e9tations divergentes ou \u00e0 une incertitude manifeste, la juridiction supr\u00eame ne peut raisonnablement pr\u00e9tendre que la solution s\u2019impose avec \u00e9vidence.<\/span><\/p>\n<p style=\"text-align: justify;\"><span style=\"font-size: 12pt;\">\u00c0 travers cette \u00e9volution, la Cour op\u00e8re un d\u00e9placement subtil, mais d\u00e9cisif. Le c\u0153ur du contr\u00f4le ne porte plus exclusivement sur le respect formel de l\u2019obligation de renvoi, mais sur la qualit\u00e9 du raisonnement juridictionnel. Le non-renvoi n\u2019est plus un simple choix proc\u00e9dural&nbsp;: il devient une d\u00e9cision juridiquement \u2013 et symboliquement, comme en atteste l\u2019arr\u00eat <em>Commission c. France<\/em> \u2013 engageante, expos\u00e9e \u00e0 l\u2019examen critique, tant au niveau europ\u00e9en qu\u2019au niveau interne.<\/span><\/p>\n<p style=\"text-align: center;\"><span style=\"font-size: 12pt;\"><strong><u>\u00a7V \u2013 Primaut\u00e9 \u00ab proc\u00e9duralis\u00e9e \u00bb, autonomie de l\u2019ordre juridique de l\u2019Union et refus de contournement <\/u><\/strong><\/span><\/p>\n<p style=\"text-align: justify;\"><span style=\"font-size: 12pt;\">Le m\u00e9canisme pr\u00e9judiciel ne prot\u00e8ge pas seulement l\u2019unit\u00e9 interpr\u00e9tative et l\u2019uniformit\u00e9 d\u2019application du droit de l\u2019Union&nbsp;; il garantit aussi sa primaut\u00e9 et, plus largement, l\u2019autonomie de l\u2019ordre juridique europ\u00e9en. Cette dimension est essentielle, car elle r\u00e9v\u00e8le que l\u2019article 267 TFUE ne se contente pas d\u2019organiser une coop\u00e9ration ponctuelle entre juges, mais qu\u2019il impose des exigences structurelles aux proc\u00e9dures nationales elles-m\u00eames. L\u2019arr\u00eat <a href=\"https:\/\/eur-lex.europa.eu\/legal-content\/FR\/ALL\/?uri=CELEX:62010CJ0188\"><em>Melki et Abdeli<\/em><\/a> constitue, \u00e0 cet \u00e9gard, un jalon fondamental. En reconnaissant qu\u2019une proc\u00e9dure nationale de contr\u00f4le de constitutionnalit\u00e9 n\u2019est compatible avec l\u2019article 267 du TFUE que si elle ne fait pas obstacle \u00e0 la&nbsp; facult\u00e9 de saisir la Cour \u00e0 tout moment, la Cour de justice affirme que le renvoi pr\u00e9judiciel b\u00e9n\u00e9ficie d\u2019une <em>priorit\u00e9 fonctionnelle<\/em>. Le juge national ne peut \u00eatre enferm\u00e9 dans des m\u00e9canismes proc\u00e9duraux internes qui neutraliseraient, m\u00eame temporairement, la possibilit\u00e9 du dialogue avec la Cour.<\/span><\/p>\n<p style=\"text-align: justify;\"><span style=\"font-size: 12pt;\">La port\u00e9e de cette jurisprudence d\u00e9passe largement le cadre de la QPC. Elle consacre un principe g\u00e9n\u00e9ral&nbsp;: le droit de l\u2019Union ne se contente pas d\u2019imposer des solutions mat\u00e9rielles&nbsp;; il impose aussi des exigences proc\u00e9durales minimales, destin\u00e9es \u00e0 garantir l\u2019effectivit\u00e9 du renvoi pr\u00e9judiciel. La primaut\u00e9 du droit de l\u2019Union est, en un certain sens, indissociablement mat\u00e9rielle et proc\u00e9durale. Cette exigence proc\u00e9durale s\u2019inscrit dans une logique plus large de protection de l\u2019autonomie et de l\u2019int\u00e9gration de l\u2019ordre juridique de l\u2019Union. C\u2019est la raison pour laquelle l\u2019<em>avis 2\/13<\/em> insiste sur le r\u00f4le central du renvoi pr\u00e9judiciel dans la pr\u00e9servation de cette autonomie. En permettant \u00e0 la Cour de conserver le dernier mot sur l\u2019interpr\u00e9tation du droit de l\u2019Union, l\u2019article 267 du TFUE emp\u00eache que ce droit soit interpr\u00e9t\u00e9 de mani\u00e8re d\u00e9finitive par des instances ext\u00e9rieures \u00e0 l\u2019ordre juridique de l\u2019Union.<\/span><\/p>\n<p style=\"text-align: justify;\"><span style=\"font-size: 12pt;\">L\u2019affaire <a href=\"https:\/\/curia.europa.eu\/juris\/liste.jsf?language=fr&amp;num=C-284\/16\"><em>Achmea<\/em><\/a> prolonge cette logique dans un contexte original, celui de l\u2019arbitrage d\u2019investissement. En invalidant les m\u00e9canismes susceptibles de soustraire des litiges relevant du droit de l\u2019Union au contr\u00f4le de la Cour, celle-ci affirme que le renvoi pr\u00e9judiciel n\u2019est pas une option parmi d\u2019autres, mais un principe structurant auquel aucune justice parall\u00e8le ne peut se substituer. Le refus du renvoi pr\u00e9judiciel ou son contournement apparaissent d\u00e8s lors comme des atteintes directes \u00e0 l\u2019autonomie de l\u2019ordre juridique de l\u2019Union.<\/span><\/p>\n<p style=\"text-align: center;\"><span style=\"font-size: 12pt;\"><strong><u>\u00a7VI \u2013 La dimension subjective du renvoi pr\u00e9judiciel : protection juridictionnelle effective, motivation et responsabilit\u00e9<\/u><\/strong><\/span><\/p>\n<p style=\"text-align: justify;\"><span style=\"font-size: 12pt;\">Si le renvoi pr\u00e9judiciel r\u00e9pond \u00e0 des exigences objectives d\u2019unit\u00e9, de coh\u00e9rence et d\u2019autonomie, il comporte \u00e9galement une dimension subjective de plus en plus affirm\u00e9e. Cette dimension tient \u00e0 la place des justiciables, au droit \u00e0 un proc\u00e8s \u00e9quitable et \u00e0 la protection juridictionnelle effective. Longtemps, la Cour a rappel\u00e9 que le renvoi pr\u00e9judiciel ne constitue pas un droit subjectif des parties. Cette affirmation demeure exacte. Mais elle ne signifie pas que le refus de renvoi serait juridiquement indiff\u00e9rent. Au contraire, la jurisprudence r\u00e9cente tend \u00e0 encadrer de plus en plus strictement les conditions dans lesquelles une juridiction supr\u00eame peut refuser de saisir la Cour. L\u2019arr\u00eat <a href=\"https:\/\/eur-lex.europa.eu\/legal-content\/FR\/TXT\/?uri=CELEX:62023CJ0144\"><em>Kubera<\/em><\/a> illustre tout sp\u00e9cialement cette \u00e9volution. En rattachant l\u2019exigence de motivation du non-renvoi \u00e0 l\u2019<a href=\"https:\/\/fra.europa.eu\/fr\/eu-charter\/article\/47-droit-un-recours-effectif-et-acceder-un-tribunal-impartial#:~:text=Toute%20personne%20a%20la%20possibilit%C3%A9,l'acc%C3%A8s%20%C3%A0%20la%20justice.\">article 47 de la Charte<\/a>, la Cour impose \u00e0 toutes les juridictions nationales un devoir minimal de justification. Lorsqu\u2019une partie soul\u00e8ve s\u00e9rieusement une difficult\u00e9 d\u2019interpr\u00e9tation du droit de l\u2019UE, le juge ne peut se contenter d\u2019un rejet implicite ou d\u2019une motivation st\u00e9r\u00e9otyp\u00e9e. Il doit expliquer, de mani\u00e8re intelligible, pourquoi les conditions du renvoi ne sont pas r\u00e9unies.<\/span><\/p>\n<p style=\"text-align: justify;\"><span style=\"font-size: 12pt;\">Cette exigence ne transforme nullement le renvoi en droit subjectif, mais elle modifie profond\u00e9ment son r\u00e9gime. M\u00eame lorsqu\u2019il n\u2019est pas r\u00e9alis\u00e9, d\u00e8s lors qu\u2019il a \u00e9t\u00e9 soulev\u00e9 par les justiciables, il doit \u00eatre discut\u00e9 et justifi\u00e9. Le silence d\u2019une juridiction nationale devient suspect&nbsp;; la motivation devient une condition de l\u00e9gitimit\u00e9. En arri\u00e8re-plan de cette \u00e9volution se profile la question de la responsabilit\u00e9. L\u2019arr\u00eat <a href=\"https:\/\/curia.europa.eu\/juris\/document\/document.jsf?docid=48649&amp;doclang=FR\"><em>K\u00f6bler<\/em><\/a> a consacr\u00e9 la possibilit\u00e9 d\u2019engager la responsabilit\u00e9 de l\u2019\u00c9tat du fait d\u2019une violation du droit de l\u2019UE imputable \u00e0 une juridiction supr\u00eame. Sans r\u00e9duire cette responsabilit\u00e9 au seul manquement \u00e0 l\u2019obligation de renvoi pr\u00e9judiciel, il est \u00e9vident que le refus injustifi\u00e9 de saisir la Cour de justice peut contribuer \u00e0 caract\u00e9riser une violation suffisamment caract\u00e9ris\u00e9e du droit de l\u2019UE. La responsabilit\u00e9 ne joue donc pas seulement comme une sanction exceptionnelle&nbsp;; elle exerce un effet normatif et politique plus diffus. Elle incite les juridictions supr\u00eames \u00e0 int\u00e9grer pleinement le renvoi pr\u00e9judiciel dans leur raisonnement, non comme une contrainte ext\u00e9rieure, mais comme une composante normale de leur office europ\u00e9en de juge de commun du droit de l\u2019Union.<\/span><\/p>\n<p style=\"text-align: justify;\"><span style=\"font-size: 12pt;\"><strong>Conclusion \u2013 Le m\u00e9canisme du revoi pr\u00e9judiciel comme discipline du doute et principe de la \u00ab\u00a0confiance mutuelle\u00a0\u00bb europ\u00e9enne<\/strong><\/span><\/p>\n<p style=\"text-align: justify;\"><span style=\"font-size: 12pt;\">Au terme de ce dossier, le renvoi pr\u00e9judiciel appara\u00eet dans toute sa complexit\u00e9. Il n\u2019est ni une simple technique proc\u00e9durale ni un m\u00e9canisme accessoire de coop\u00e9ration juridictionnelle. Il constitue le pivot de l\u2019ordre juridique de l\u2019Union europ\u00e9enne, \u00e0 la crois\u00e9e de l\u2019unit\u00e9 normative, de l\u2019autonomie juridictionnelle et de la responsabilit\u00e9 des juges nationaux. <em>Objectivement<\/em> (<strong>i<\/strong>), le renvoi garantit la singularit\u00e9, l\u2019unit\u00e9 et la coh\u00e9rence du droit de l\u2019Union dans un syst\u00e8me profond\u00e9ment d\u00e9centralis\u00e9. Il permet d\u2019\u00e9viter que l\u2019application du droit europ\u00e9en ne se fragmente en une pluralit\u00e9 de lectures nationales dissemblables. <em>Subjectivement<\/em> (<strong>ii<\/strong>), il transforme l\u2019office du juge national, en faisant de lui un acteur responsable du dialogue inter-juridictionnel europ\u00e9en, tenu soit de saisir la Cour en cas de doute s\u00e9rieux, soit d\u2019assumer pleinement, par une motivation rigoureuse, la d\u00e9cision de ne pas le faire.<\/span><\/p>\n<p style=\"text-align: justify;\"><span style=\"font-size: 12pt;\">Le renvoi pr\u00e9judiciel appara\u00eet, au bout du compte, comme une fa\u00e7on de \u00ab&nbsp;discipliner le doute&nbsp;\u00bb. Il n\u2019interdit ni les divergences interpr\u00e9tatives ni le pluralisme&nbsp;; il interdit seulement que le doute soit r\u00e9solu de mani\u00e8re solitaire, \u00e9gotiste et silencieuse. En imposant que le doute soit exprim\u00e9, justifi\u00e9 ou d\u00e9f\u00e9r\u00e9, l\u2019article 267 TFUE inaugure une m\u00e9thode de collaboration inter-juridictionnelle fond\u00e9e sur la loyaut\u00e9, la coop\u00e9ration et la responsabilit\u00e9. C\u2019est sans doute l\u00e0 que r\u00e9side la force du m\u00e9canisme de renvoi pr\u00e9judiciel. Dans un ordre juridique commun qui ne repose ni sur la centralisation ni sur la contrainte hi\u00e9rarchique, l\u2019unit\u00e9 ne peut \u00eatre assur\u00e9e que par l\u2019adh\u00e9sion \u00e0 une m\u00e9thode <em>dialogique<\/em>,<em> d\u00e9lib\u00e9rative<\/em>. Le renvoi pr\u00e9judiciel est le nom que porte cette m\u00e9thode \u00e0 la fois exigeante, indispensable et fragile.<\/span><\/p>\n<p style=\"text-align: justify;\"><span style=\"font-size: 10pt;\"><a href=\"#_ftnref1\" name=\"_ftn1\">[1]<\/a> F. Martucci, <em>Droit de l\u2019Union europ\u00e9enne<\/em>, Dalloz, coll. \u201cHypercours\u201d, Paris, 2025, p. 702.<\/span><\/p>\n\n\n<div class=\"wp-block-post-author\"><div class=\"wp-block-post-author__avatar\"><img alt='' src='https:\/\/secure.gravatar.com\/avatar\/c6ab506efe514cdd1829b4b1403fbb085c583e9c55d33f3c3c136cd9f75eca79?s=48&#038;d=identicon&#038;r=g' srcset='https:\/\/secure.gravatar.com\/avatar\/c6ab506efe514cdd1829b4b1403fbb085c583e9c55d33f3c3c136cd9f75eca79?s=96&#038;d=identicon&#038;r=g 2x' class='avatar avatar-48 photo' height='48' width='48' \/><\/div><div class=\"wp-block-post-author__content\"><p class=\"wp-block-post-author__byline\">Thomas Escach-Dubourg<\/p><p class=\"wp-block-post-author__name\">TD<\/p><\/div><\/div>\n\n\n<figure class=\"wp-block-embed is-type-wp-embed is-provider-nuances-du-droit wp-block-embed-nuances-du-droit\"><div class=\"wp-block-embed__wrapper\">\n<blockquote class=\"wp-embedded-content\" data-secret=\"j2bol9xJrP\"><a href=\"https:\/\/nuancesdudroit.fr\/?p=1585\">Le renvoi pr\u00e9judiciel : Dialoguer plut\u00f4t que se taire ?<\/a><\/blockquote><iframe loading=\"lazy\" class=\"wp-embedded-content\" sandbox=\"allow-scripts\" security=\"restricted\" style=\"position: absolute; visibility: hidden;\" title=\"\u00ab\u00a0Le renvoi pr\u00e9judiciel : Dialoguer plut\u00f4t que se taire ?\u00a0\u00bb &#8212; Nuances du droit\" src=\"https:\/\/nuancesdudroit.fr\/?p=1585&#038;embed=true#?secret=JFPteXxcR6#?secret=j2bol9xJrP\" data-secret=\"j2bol9xJrP\" width=\"600\" height=\"338\" frameborder=\"0\" marginwidth=\"0\" marginheight=\"0\" scrolling=\"no\"><\/iframe>\n<\/div><\/figure>\n","protected":false},"excerpt":{"rendered":"<p>Unit\u00e9 du droit de l\u2019Union, autonomie de l\u2019ordre juridique europ\u00e9en et responsabilit\u00e9 du juge national \u00a7I \u2013 Textes normatifs de r\u00e9f\u00e9rence Sources primaires du droit de l\u2019Union Article 19 TUE Article 267 TFUE \u00a7II \u2013 Jurisprudence de la Cour de justice de l\u2019Union europ\u00e9enne Avis CJUE [AP], 8 mars 2011, Avis 1\/09. CJUE [AP], 18 [&hellip;]<\/p>\n","protected":false},"author":8,"featured_media":1612,"comment_status":"closed","ping_status":"","sticky":false,"template":"","format":"standard","meta":{"_editorskit_title_hidden":false,"_editorskit_reading_time":0,"_editorskit_is_block_options_detached":false,"_editorskit_block_options_position":"{}","footnotes":""},"categories":[5],"tags":[20,19],"class_list":["post-1605","post","type-post","status-publish","format-standard","has-post-thumbnail","hentry","category-dossiers-thematiques","tag-droit-europeen","tag-droits-de-lhomme"],"_links":{"self":[{"href":"https:\/\/nuancesdudroit.fr\/index.php?rest_route=\/wp\/v2\/posts\/1605","targetHints":{"allow":["GET"]}}],"collection":[{"href":"https:\/\/nuancesdudroit.fr\/index.php?rest_route=\/wp\/v2\/posts"}],"about":[{"href":"https:\/\/nuancesdudroit.fr\/index.php?rest_route=\/wp\/v2\/types\/post"}],"author":[{"embeddable":true,"href":"https:\/\/nuancesdudroit.fr\/index.php?rest_route=\/wp\/v2\/users\/8"}],"replies":[{"embeddable":true,"href":"https:\/\/nuancesdudroit.fr\/index.php?rest_route=%2Fwp%2Fv2%2Fcomments&post=1605"}],"version-history":[{"count":6,"href":"https:\/\/nuancesdudroit.fr\/index.php?rest_route=\/wp\/v2\/posts\/1605\/revisions"}],"predecessor-version":[{"id":1616,"href":"https:\/\/nuancesdudroit.fr\/index.php?rest_route=\/wp\/v2\/posts\/1605\/revisions\/1616"}],"wp:featuredmedia":[{"embeddable":true,"href":"https:\/\/nuancesdudroit.fr\/index.php?rest_route=\/wp\/v2\/media\/1612"}],"wp:attachment":[{"href":"https:\/\/nuancesdudroit.fr\/index.php?rest_route=%2Fwp%2Fv2%2Fmedia&parent=1605"}],"wp:term":[{"taxonomy":"category","embeddable":true,"href":"https:\/\/nuancesdudroit.fr\/index.php?rest_route=%2Fwp%2Fv2%2Fcategories&post=1605"},{"taxonomy":"post_tag","embeddable":true,"href":"https:\/\/nuancesdudroit.fr\/index.php?rest_route=%2Fwp%2Fv2%2Ftags&post=1605"}],"curies":[{"name":"wp","href":"https:\/\/api.w.org\/{rel}","templated":true}]}}