{"id":1415,"date":"2025-11-17T07:00:00","date_gmt":"2025-11-17T06:00:00","guid":{"rendered":"https:\/\/nuancesdudroit.fr\/?p=1415"},"modified":"2025-11-15T15:48:43","modified_gmt":"2025-11-15T14:48:43","slug":"la-cour-africaine-des-droits-de-lhomme-et-des-peuples-la-reparation-comme-voie-cachee-de-recours-en-appel","status":"publish","type":"post","link":"https:\/\/nuancesdudroit.fr\/?p=1415","title":{"rendered":"La Cour africaine des droits de l\u2019Homme et des peuples : La r\u00e9paration comme voie cach\u00e9e de recours en appel"},"content":{"rendered":"\n<h2 class=\"wp-block-heading has-text-align-center\">Cour africaine des droits de l\u2019Homme et des peuples, arr\u00eat du 26 Juin 2025, Requ\u00eate N\u00b0001\/2018, <em>Tembo Hussein c. R\u00e9publique-Unie de Tanzanie<\/em><\/h2>\n\n\n\n<p style=\"text-align: justify;\"><span style=\"font-size: 12pt;\">Dans un contexte de d\u00e9fiance croissante des \u00c9tats \u00e0 l\u2019\u00e9gard de la Cour africaine des droits de l\u2019Homme et des peuples, l\u2019arr\u00eat <a href=\"https:\/\/www.african-court.org\/cpmt\/storage\/app\/uploads\/public\/687\/76f\/e1a\/68776fe1a7f93817564917.pdf\"><em>Tembo Hussein c. R\u00e9publique-Unie de Tanzanie<\/em><\/a> apparait comme une r\u00e9affirmation de son autorit\u00e9 par la Cour.<\/span><\/p>\n<p style=\"text-align: justify;\"><span style=\"font-size: 12pt;\">Accus\u00e9e par l\u2019\u00c9tat en cause de se placer en juridiction d\u2019appel en se d\u00e9clarant comp\u00e9tente pour annuler une d\u00e9cision \u00e9manant de ses juridictions internes, la Cour se pr\u00e9vaut de l\u2019article 27(1) du <a href=\"https:\/\/au.int\/sites\/default\/files\/treaties\/36393-treaty-0019_-_protocol_to_the_african_charter_on_human_and_peoplesrights_on_the_establishment_of_an_african_court_on_human_and_peoples_rights_f.pdf\">Protocole \u00e0 la Charte africaine des droits de l\u2019Homme et des peuples<\/a> pour lui permettre d\u2019ordonner toutes les mesures de r\u00e9parations ad\u00e9quates, y compris une annulation des peines qu\u2019elle estime contraire aux droits prot\u00e9g\u00e9s par <a href=\"https:\/\/www.african-court.org\/wpafc\/wp-content\/uploads\/2020\/10\/Charte-africaine-des-droits-de-lhomme-et-des-peuples.pdf\">la Charte<\/a>. Une telle disposition n\u2019est pas sans rappeler l\u2019article 41 de la <a href=\"https:\/\/www.echr.coe.int\/documents\/d\/echr\/convention_fra\">Convention europ\u00e9enne des droits de l\u2019Homme<\/a>, ainsi que l\u2019article 63 (1) de la <a href=\"https:\/\/www.cidh.org\/Basicos\/French\/c.convention.htm\">Convention am\u00e9ricaine des droits de l\u2019Homme<\/a>, consacrant \u00e9galement les comp\u00e9tences de leurs cours respectives en mati\u00e8re de r\u00e9paration. Il convient n\u00e9anmoins de souligner que parmi les trois instruments, la <a href=\"https:\/\/www.african-court.org\/wpafc\/wp-content\/uploads\/2020\/10\/Charte-africaine-des-droits-de-lhomme-et-des-peuples.pdf\">Charte africaine<\/a> est celle qui offre la plus grande port\u00e9e et place quasiment la Cour dans une posture de juridiction d\u2019appel.<\/span><\/p>\n<p style=\"text-align: justify;\"><span style=\"font-size: 12pt;\">En l\u2019esp\u00e8ce, la Cour d\u00e9cide d\u2019ordonner l\u2019annulation de la peine de mort prononc\u00e9e \u00e0 l\u2019encontre du requ\u00e9rant par les juridictions internes, en se fondant, non pas sur les griefs soulev\u00e9s par ce dernier, mais sur des moyens qu\u2019elle a soulev\u00e9s elle-m\u00eame de sa propre initiative.<\/span><\/p>\n<p style=\"text-align: justify;\"><span style=\"font-size: 12pt;\">L\u2019interpr\u00e9tation par la Cour de l\u2019article 27 (1) combin\u00e9 \u00e0 la lecture de l\u2019article 3 du <a href=\"https:\/\/au.int\/sites\/default\/files\/treaties\/36393-treaty-0019_-_protocol_to_the_african_charter_on_human_and_peoplesrights_on_the_establishment_of_an_african_court_on_human_and_peoples_rights_f.pdf\">Protocole<\/a> conduit ainsi \u00e0 se poser la question de l\u2019expansion des pouvoirs de la Cour, non seulement en mati\u00e8re de r\u00e9paration (I), mais \u00e9galement dans le cadre du contr\u00f4le de conventionnalit\u00e9 (II), lui conf\u00e9rant une plus grande latitude que ses homologues europ\u00e9enne et interam\u00e9ricaine.<\/span><\/p>\n<p style=\"text-align: center;\"><span style=\"text-decoration: underline;\"><span style=\"font-size: 12pt;\"><strong>I &#8211; La port\u00e9e des mesures de r\u00e9parations pr\u00e9vues par le Protocole \u00e0 la Charte africaine des droits de l\u2019Homme et des peuples<\/strong><\/span><\/span><\/p>\n<p style=\"text-align: justify;\"><span style=\"font-size: 12pt;\">La Cour a d\u2019ores et d\u00e9j\u00e0 \u00e9t\u00e9 critiqu\u00e9e \u00e0 plusieurs reprises sur l\u2019\u00e9tendue des comp\u00e9tences qu\u2019elle s\u2019arroge en mati\u00e8re de r\u00e9paration<a href=\"#_ftn1\" name=\"_ftnref1\">[1]<\/a>. M\u00eame si elle affirme ne pas se placer en juridiction d\u2019appel, sa jurisprudence semble toutefois ouvrir une voie vers un recours de dernier ressort contre les d\u00e9cisions internes par le biais des mesures de r\u00e9paration (A). En ce sens, la Cour africaine se rapproche davantage de la pratique de la Cour interam\u00e9ricaine des droits de l\u2019Homme, tandis que la Cour europ\u00e9enne reste plus prudente sur la nature de ses mesures de r\u00e9parations (B).<\/span><\/p>\n<p style=\"text-align: justify;\"><em><span style=\"text-decoration: underline;\"><span style=\"font-size: 12pt;\">A) Les mesures de r\u00e9paration comme voie d\u2019acc\u00e8s vers une nouvelle Cour de dernier ressort<\/span><\/span><\/em><\/p>\n<p style=\"text-align: justify;\"><span style=\"font-size: 12pt;\">La Cour a mainte fois r\u00e9affirm\u00e9 qu\u2019elle n\u2019entendait pas exercer la fonction d\u2019une quelconque juridiction d\u2019appel. Elle s\u2019est exprim\u00e9e pour la premi\u00e8re fois sur la question \u00e0 l\u2019occasion de l\u2019affaire <a href=\"https:\/\/www.african-court.org\/cpmt\/storage\/app\/uploads\/public\/649\/44b\/02c\/64944b02cf9fa219794940.pdf\"><em>Ernest Francis Mtingwi c. R\u00e9publique du Malawi<\/em><\/a> dans laquelle le requ\u00e9rant avait saisi la Cour apr\u00e8s avoir \u00e9puis\u00e9 les voies de recours internes en demandant l\u2019annulation d\u2019une d\u00e9cision juridictionnelle nationale concernant les modalit\u00e9s de son licenciement d\u2019un organe gouvernemental<a href=\"#_ftn2\" name=\"_ftnref2\">[2]<\/a>. La Cour a ainsi rejet\u00e9 la requ\u00eate au motif qu\u2019elle n\u2019avait pas vocation \u00e0 se prononcer en appel sur les d\u00e9cisions \u00e9manant des juridictions internes, r\u00e9gionales ou toute autre juridiction de m\u00eame nature<a href=\"#_ftn3\" name=\"_ftnref3\">[3]<\/a><em>. <\/em>\u00a0<\/span><\/p>\n<p style=\"text-align: justify;\"><span style=\"font-size: 12pt;\">Sans renier sa jurisprudence, la Cour a n\u00e9anmoins depuis lors pr\u00e9cis\u00e9 la port\u00e9e de sa comp\u00e9tence \u00e0 l\u2019occasion de plusieurs d\u00e9cisions, en ce qu\u2019elle affirme que conform\u00e9ment \u00e0 l\u2019article 3 du <a href=\"https:\/\/au.int\/sites\/default\/files\/treaties\/36393-treaty-0019_-_protocol_to_the_african_charter_on_human_and_peoplesrights_on_the_establishment_of_an_african_court_on_human_and_peoples_rights_f.pdf\">Protocole<\/a>, le fait de ne pas statuer en tant que juridiction d\u2019appel \u00ab\u00a0n\u2019\u00e9carte pas sa comp\u00e9tence pour appr\u00e9cier la conformit\u00e9 des proc\u00e9dures devant les juridictions nationales aux normes internationales prescrites par la <a href=\"https:\/\/www.african-court.org\/wpafc\/wp-content\/uploads\/2020\/10\/Charte-africaine-des-droits-de-lhomme-et-des-peuples.pdf\">Charte<\/a> ou par les autres instruments applicables des droits de l\u2019Homme auxquels l\u2019\u00c9tat d\u00e9fendeur est partie\u00a0\u00bb<a href=\"#_ftn4\" name=\"_ftnref4\">[4]<\/a>. Il s\u2019agit notamment l\u00e0 de la position qu\u2019elle r\u00e9it\u00e8re dans le cadre de <a href=\"https:\/\/www.african-court.org\/cpmt\/storage\/app\/uploads\/public\/687\/76f\/e1a\/68776fe1a7f93817564917.pdf\">l<em>\u2019affaire Tembo Hussein. <\/em><\/a>\u00a0<\/span><\/p>\n<p style=\"text-align: justify;\"><span style=\"font-size: 12pt;\">\u00c0 cela, la Cour ajoute une interpr\u00e9tation extensive de l\u2019article 27 (1) du <a href=\"https:\/\/au.int\/sites\/default\/files\/treaties\/36393-treaty-0019_-_protocol_to_the_african_charter_on_human_and_peoplesrights_on_the_establishment_of_an_african_court_on_human_and_peoples_rights_f.pdf\">Protocole<\/a> et estime que tous ces \u00e9l\u00e9ments lui donnent comp\u00e9tence pour\u00a0rendre diff\u00e9rents types de mesures de r\u00e9paration, y compris l\u2019annulation de la d\u00e9claration de culpabilit\u00e9 et de la condamnation, ainsi que la remise en libert\u00e9\u00a0du requ\u00e9rant le cas \u00e9ch\u00e9ant<a href=\"#_ftn5\" name=\"_ftnref5\">[5]<\/a>.<\/span><\/p>\n<p style=\"text-align: justify;\"><span style=\"font-size: 12pt;\">De ce fait, m\u00eame s\u2019il est clair que la Cour ne soit pas une juridiction d\u2019appel d\u2019un point de vue formel, son large champ de comp\u00e9tence en vertu de l\u2019article 3 du <a href=\"https:\/\/au.int\/sites\/default\/files\/treaties\/36393-treaty-0019_-_protocol_to_the_african_charter_on_human_and_peoplesrights_on_the_establishment_of_an_african_court_on_human_and_peoples_rights_f.pdf\">Protocole<\/a> et la lecture <em>in extenso<\/em> que le juge fait des mesures de r\u00e9parations lui en conf\u00e8re factuellement, \u00e0 certains \u00e9gards, les caract\u00e9ristiques. En effet, l\u2019arr\u00eat <a href=\"https:\/\/www.african-court.org\/cpmt\/storage\/app\/uploads\/public\/687\/76f\/e1a\/68776fe1a7f93817564917.pdf\"><em>Tembo Hussein<\/em><\/a> aura permis de mettre en lumi\u00e8re, d\u2019un point de vue purement juridictionnel, la possibilit\u00e9 d\u2019une saisine de la Cour comme d\u2019une juridiction de dernier ressort, lorsque le droit au respect de la dignit\u00e9 humaine ou le droit \u00e0 la vie sont en cause.<\/span><\/p>\n<p><em><span style=\"text-decoration: underline;\"><span style=\"font-size: 12pt;\">B) La port\u00e9e des mesures de r\u00e9parations prononc\u00e9es par la Cour africaine au regard de l\u2019exp\u00e9rience des autres syst\u00e8mes r\u00e9gionaux de protection des droits de l\u2019Homme<\/span><\/span><\/em><\/p>\n<p style=\"text-align: justify;\"><span style=\"font-size: 12pt;\">L\u00e0 o\u00f9 l\u2019article 41 de la <a href=\"https:\/\/www.echr.coe.int\/documents\/d\/echr\/convention_fra\">Convention europ\u00e9enne<\/a> accorde express\u00e9ment la priorit\u00e9 au droit interne quant \u00e0 la mise en \u0153uvre des mesures de r\u00e9paration n\u00e9cessaires pour \u00ab\u00a0effacer les cons\u00e9quences des violations\u00a0\u00bb<a href=\"#_ftn6\" name=\"_ftnref6\">[6]<\/a>, l\u2019article 63 (1) de la <a href=\"https:\/\/www.cidh.org\/Basicos\/French\/c.convention.htm\">Convention am\u00e9ricaine<\/a>, tout comme l\u2019article 27 (1) du <a href=\"https:\/\/au.int\/sites\/default\/files\/treaties\/36393-treaty-0019_-_protocol_to_the_african_charter_on_human_and_peoplesrights_on_the_establishment_of_an_african_court_on_human_and_peoples_rights_f.pdf\">Protocole \u00e0 la Charte africaine<\/a>, semble vouloir accorder une bien plus grande latitude \u00e0 sa Cour r\u00e9gionale quant \u00e0 la formulation et la mise en \u0153uvre des solutions visant le r\u00e9tablissement des droits atteints. En ce sens, la Cour europ\u00e9enne se met mieux \u00e0 l\u2019abri de l\u2019assimilation \u00e0 une forme de juridiction d\u2019appel compar\u00e9e \u00e0 ses homologues.<\/span><\/p>\n<p style=\"text-align: justify;\"><span style=\"font-size: 12pt;\">Dans son arr\u00eat <a href=\"https:\/\/hudoc.echr.coe.int\/fre#{%22itemid%22:[%22001-90390%22]}\"><em>Aleksanyan c. Russie<\/em><\/a>, la Cour europ\u00e9enne a en effet rappel\u00e9 que ses d\u00e9cisions \u00e9taient essentiellement de nature d\u00e9claratoire. De ce fait, le choix de la mesure \u00e0 mettre en \u0153uvre pour se conformer \u00e0 ses d\u00e9cisions revenait en premier chef \u00e0 l\u2019\u00c9tat concern\u00e9, et ce, conform\u00e9ment \u00e0 sa l\u00e9gislation en vigueur<a href=\"#_ftn7\" name=\"_ftnref7\">[7]<\/a>. Lorsque le requ\u00e9rant demande alors \u00e0 la Cour europ\u00e9enne de statuer sur sa lib\u00e9ration imm\u00e9diate d\u2019une d\u00e9tention arbitraire, la Cour conclut que le gouvernement de l\u2019\u00c9tat d\u00e9fendeur devait substituer la d\u00e9tention par une autre mesure plus raisonnable et moins contraignante pr\u00e9vue par son droit interne. Ainsi, m\u00eame si la Cour constate la violation des droits all\u00e9gu\u00e9s par le requ\u00e9rant, elle laisse le soin \u00e0 l\u2019\u00c9tat concern\u00e9 de prendre les mesures n\u00e9cessaires pour se conformer aux exigences de la <a href=\"https:\/\/www.echr.coe.int\/documents\/d\/echr\/convention_fra\">Convention<\/a><a href=\"#_ftn8\" name=\"_ftnref8\">[8]<\/a>.<\/span><\/p>\n<p style=\"text-align: justify;\"><span style=\"font-size: 12pt;\">Tandis que du c\u00f4t\u00e9 africain et interam\u00e9ricain, pour des cas similaires mettant en cause la d\u00e9tention arbitraire ou les traitements inhumains et d\u00e9gradants, les deux Cours r\u00e9gionales, \u00e0 plusieurs occasions, ont directement ordonn\u00e9 les mesures que devaient prendre les \u00c9tats responsables de ces violations sans v\u00e9ritablement leur laisser le luxe de choisir la mesure qu\u2019ils estiment \u00eatre la plus appropri\u00e9e. En l\u2019occurrence, les deux Cours ont souvent ordonn\u00e9 l\u2019annulation imm\u00e9diate de la peine prononc\u00e9e par les juridictions internes, la remise en libert\u00e9 des individus concern\u00e9s ou encore la tenue de nouveaux jugements pour fixer des peines plus conformes aux obligations conventionnelles des \u00c9tats en cause<a href=\"#_ftn9\" name=\"_ftnref9\">[9]<\/a>. \u00a0<\/span><\/p>\n<p style=\"text-align: justify;\"><span style=\"font-size: 12pt;\">D\u00e8s lors qu\u2019une atteinte aux droits qu\u2019elles prot\u00e8gent au titre de leurs conventions respectives est \u00e9tablie, les Cours africaine et interam\u00e9ricaine se comportent comme de v\u00e9ritables juridictions d\u2019appel ayant vocation \u00e0 faire autorit\u00e9 sur les d\u00e9cisions internes.<\/span><\/p>\n<p style=\"text-align: justify;\"><span style=\"font-size: 12pt;\">En ce qui concerne l\u2019arr\u00eat <a href=\"https:\/\/www.african-court.org\/cpmt\/storage\/app\/uploads\/public\/687\/76f\/e1a\/68776fe1a7f93817564917.pdf\"><em>Tembo Hussein c. R\u00e9publique-Unie de Tanzanie<\/em><\/a>, en plus de sa d\u00e9cision ordonnant une annulation de la peine du requ\u00e9rant et la tenue d\u2019un nouveau jugement, l\u2019\u00e9tendue des pouvoirs de la Cour africaine s\u2019illustre d\u2019autant plus qu\u2019elle effectue en l\u2019esp\u00e8ce un contr\u00f4le de conventionnalit\u00e9 <em>sua sponte<\/em>.<\/span><\/p>\n<p style=\"text-align: center;\"><span style=\"text-decoration: underline;\"><span style=\"font-size: 12pt;\"><strong>II &#8211; Le renforcement des pouvoirs de la Cour africaine par un contr\u00f4le de conventionnalit\u00e9 <em>sua sponte<\/em> <\/strong><\/span><\/span><\/p>\n<p style=\"text-align: justify;\"><span style=\"font-size: 12pt;\">Si la Tanzanie accuse la Cour de se comporter \u00e0 l\u2019image d\u2019une juridiction d\u2019appel en se d\u00e9clarant comp\u00e9tente pour annuler ou modifier une peine prononc\u00e9e par une juridiction nationale, elle n\u2019a, en revanche, pas eu l\u2019occasion de pointer qu\u2019en soulevant <em>sua sponte<\/em> les inconformit\u00e9s des dispositions de son <a href=\"https:\/\/www.sheria.go.tz\/uploads\/documents\/sw-1677665965-THE%20PENAL%20CODE.pdf\">Code p\u00e9nal<\/a> \u00e0 <a href=\"https:\/\/www.african-court.org\/wpafc\/wp-content\/uploads\/2020\/10\/Charte-africaine-des-droits-de-lhomme-et-des-peuples.pdf\">la Charte<\/a>, la Cour \u00e9tend davantage consid\u00e9rablement son pouvoir.<\/span><\/p>\n<p style=\"text-align: justify;\"><span style=\"font-size: 12pt;\">Le requ\u00e9rant n\u2019a, en effet, pas fait pr\u00e9valoir dans sa requ\u00eate que les modalit\u00e9s du prononc\u00e9 et de l\u2019ex\u00e9cution de la peine de mort retenue \u00e0 son encontre, \u00e9taient en violations du respect au droit \u00e0 la vie et \u00e0 la dignit\u00e9 humaine, respectivement prot\u00e9g\u00e9s par les articles 4 et 5 de la <a href=\"https:\/\/www.african-court.org\/wpafc\/wp-content\/uploads\/2020\/10\/Charte-africaine-des-droits-de-lhomme-et-des-peuples.pdf\">Charte<\/a>. La Cour a n\u00e9anmoins estim\u00e9 devoir en statuer <em>ultra petita<\/em>, et en a fait les fondements de sa d\u00e9cision d\u2019ordonner une r\u00e9forme du <a href=\"https:\/\/www.sheria.go.tz\/uploads\/documents\/sw-1677665965-THE%20PENAL%20CODE.pdf\">Code p\u00e9nal tanzanien<\/a><a href=\"#_ftn10\" name=\"_ftnref10\">[10]<\/a> (A). Une telle initiative qui lui conf\u00e8re une certaine originalit\u00e9 compar\u00e9e \u00e0 la pratique de ses homologues (B).<\/span><\/p>\n<p style=\"text-align: justify;\"><em><span style=\"text-decoration: underline;\"><span style=\"font-size: 12pt;\">A) Un contr\u00f4le de conventionalit\u00e9 \u00e0 port\u00e9e g\u00e9n\u00e9rale issu d\u2019un grief soulev\u00e9 ultra petita<\/span><\/span><\/em><\/p>\n<p style=\"text-align: justify;\"><span style=\"font-size: 12pt;\">En droit interne, le contr\u00f4le de conventionnalit\u00e9 est un pendant du contr\u00f4le de constitutionnalit\u00e9 par voie d\u2019exception<a href=\"#_ftn11\" name=\"_ftnref11\">[11]<\/a><em>. <\/em>Il s\u2019agit pour le juge (g\u00e9n\u00e9ralement d\u2019une cour constitutionnelle ou d\u2019une cour supr\u00eame) de statuer sur la conformit\u00e9 d\u2019une ou plusieurs dispositions l\u00e9gales litigieuses \u00e0 un trait\u00e9 international dument ratifi\u00e9. Par ailleurs, la port\u00e9e de ce contr\u00f4le n\u2019est que relative, car si le juge conclut l\u2019inconventionnalit\u00e9 d\u2019une loi, celle-ci n\u2019est \u00e9cart\u00e9e que pour le seul cas au cours duquel l\u2019inconventionnalit\u00e9 a \u00e9t\u00e9 soulev\u00e9e. M\u00eame si une telle d\u00e9cision peut entrainer la paralysie de la loi concern\u00e9e, elle n\u2019entraine pas automatiquement son abrogation ou sa modification.<\/span><\/p>\n<p style=\"text-align: justify;\"><span style=\"font-size: 12pt;\">Il importe \u00e9galement de souligner que dans le cadre des proc\u00e9dures internes, les juridictions constitutionnelles ou de droit commun s\u2019abstiennent de relever un moyen qui n\u2019a pas \u00e9t\u00e9 invoqu\u00e9 par les parties pour statuer de la conventionnalit\u00e9 d\u2019une loi, et ce, en vertu du principe du <em>non ultra petita<\/em> qui est l\u2019obligation pour le juge de ne pas d\u00e9passer des cadres du litige. Ce principe sera notamment repris par la Cour europ\u00e9enne des droits de l\u2019Homme, comme il sera vu <em>infra<\/em>.<\/span><\/p>\n<p style=\"text-align: justify;\"><span style=\"font-size: 12pt;\">L\u2019arr\u00eat <a href=\"https:\/\/www.african-court.org\/cpmt\/storage\/app\/uploads\/public\/687\/76f\/e1a\/68776fe1a7f93817564917.pdf\"><em>Tembo Hussein c. R\u00e9publique-Unie de Tanzanie<\/em><\/a> aura \u00e9t\u00e9, en revanche, une nouvelle occasion pour la Cour africaine de r\u00e9affirmer sa jurisprudence constante de s\u2019affranchir de ce principe en soulevant <em>suo motu<\/em> des moyens qui n\u2019ont pas \u00e9t\u00e9 inclus par le requ\u00e9rant dans ses conclusions, d\u00e8s lors que l\u2019affaire met en cause le non-respect du droit \u00e0 la vie et de la dignit\u00e9 humaine<a href=\"#_ftn12\" name=\"_ftnref12\">[12]<\/a>. La Cour d\u00e9fend ainsi sa position en rappelant constamment que m\u00eame si le requ\u00e9rant ne conclut pas sur ces droits, la peine de mort, et particuli\u00e8re celle pr\u00e9vue par le <a href=\"https:\/\/www.sheria.go.tz\/uploads\/documents\/sw-1677665965-THE%20PENAL%20CODE.pdf\">Code p\u00e9nal tanzanien<\/a> avait d\u00e9j\u00e0 fait l\u2019objet de plusieurs condamnations de sa part, justifiant ainsi cette r\u00e9it\u00e9ration<a href=\"#_ftn13\" name=\"_ftnref13\">[13]<\/a>.<\/span><\/p>\n<p style=\"text-align: justify;\"><span style=\"font-size: 12pt;\">En ordonnant une nouvelle fois la r\u00e9forme de la loi tanzanienne, la Cour effectue, d\u2019une part, un v\u00e9ritable contr\u00f4le de conventionnalit\u00e9 \u00e0 port\u00e9e g\u00e9n\u00e9rale, qui n\u2019a pas uniquement vocation \u00e0 s\u2019appliquer \u00e0 l\u2019affaire examin\u00e9e, et d\u2019autre part, elle met en exergue des pr\u00e9rogatives qui vont bien au-del\u00e0 de ce qu\u2019une cour constitutionnelle ou une cour supr\u00eame n\u2019aurait pu se pr\u00e9valoir en pareille circonstance. Ces derni\u00e8res ne seraient probablement pas all\u00e9es au-del\u00e0 des moyens soulev\u00e9s dans la requ\u00eate et n\u2019auraient pu se limiter qu\u2019\u00e0 \u00e9carter l\u2019application de la disposition l\u00e9gale non conforme \u00e0 la convention au cas d\u2019esp\u00e8ce uniquement. En ce sens, la Cour africaine aura agi bien plus qu\u2019une simple juridiction d\u2019appel.<\/span><\/p>\n<p style=\"text-align: justify;\"><em><span style=\"text-decoration: underline;\"><span style=\"font-size: 12pt;\">B) Une posture plus mod\u00e9r\u00e9e dans les autres cours r\u00e9gionales des droits de l\u2019Homme<\/span><\/span><\/em><\/p>\n<p style=\"text-align: justify;\"><span style=\"font-size: 12pt;\">Si les trois instruments r\u00e9gionaux r\u00e9gissant la protection des droits de l\u2019Homme \u00e9voqu\u00e9s pr\u00e9c\u00e9demment offrent manifestement des amplitudes de niveau diff\u00e9rent \u00e0 leurs cours respectives, la jurisprudence met davantage en lumi\u00e8re cette diff\u00e9rence des degr\u00e9s d\u2019implication des cours en mati\u00e8re de contr\u00f4le de conventionnalit\u00e9 des lois nationales.<\/span><\/p>\n<p style=\"text-align: justify;\"><span style=\"font-size: 12pt;\">Parmi les trois cours r\u00e9gionales, la position de la Cour europ\u00e9enne des droits de l\u2019Homme est celle qui pr\u00eate le moins \u00e0 confusion. En plus d\u2019avoir explicitement reconnu la nature essentiellement d\u00e9claratoire de ses d\u00e9cisions<a href=\"#_ftn14\" name=\"_ftnref14\">[14]<\/a>, sa jurisprudence illustre \u00e9galement son refus de statuer <em>ultra petita<\/em>. Dans son arr\u00eat de Grande Chambre <a href=\"https:\/\/hudoc.echr.coe.int\/fre#{%22itemid%22:[%22001-181829%22]}\"><em>Radomilja et autres c. Croatie<\/em><\/a>, elle a en effet estim\u00e9 qu\u2019elle ne pouvait \u00ab\u00a0<em>se prononcer sur la base de faits non vis\u00e9s par le grief, car cela reviendrait \u00e0 statuer au-del\u00e0 de l\u2019objet de l\u2019affaire, ou autrement dit, \u00e0 trancher des questions qui ne lui auraient pas \u00e9t\u00e9 soumises au sens de l\u2019article 32 de la Convention<\/em>\u00a0\u00bb<a href=\"#_ftn15\" name=\"_ftnref15\">[15]<\/a>.<\/span><\/p>\n<p style=\"text-align: justify;\"><span style=\"font-size: 12pt;\">En ce qui concerne la Cour interam\u00e9ricaine, sa posture est plus nuanc\u00e9e. Tout d\u2019abord, il importe de souligner qu\u2019\u00e0 l\u2019occasion de l\u2019arr\u00eat <a href=\"https:\/\/www.corteidh.or.cr\/docs\/casos\/articulos\/seriec_154_ing.pdf\"><em>Almonacid Arellano &amp; others v. Chile<\/em><\/a>, la Cour a ent\u00e9rin\u00e9 le principe de subsidiarit\u00e9 selon lequel toutes les juridictions internes, en vertu des obligations conventionnelles des \u00c9tats, doivent effectuer un contr\u00f4le de conventionnalit\u00e9 de la loi nationale \u00e0 la lumi\u00e8re des dispositions de la <a href=\"https:\/\/www.cidh.org\/Basicos\/French\/c.convention.htm\">Convention am\u00e9ricaine<\/a> applicables aux cas d\u2019esp\u00e8ce<a href=\"#_ftn16\" name=\"_ftnref16\">[16]<\/a>. La Cour invite ainsi les juridictions nationales \u00e0 tirer profit de ce filtre qui permettrait au juge interam\u00e9ricain de ne pas empi\u00e9ter autant que possible sur les pr\u00e9rogatives des juges nationaux, afin que ces derniers puissent, d\u2019eux-m\u00eames, avant toute intervention supranationale, ordonner le cas \u00e9ch\u00e9ant les modifications n\u00e9cessaires ou l\u2019abrogation de la loi.<\/span><\/p>\n<p style=\"text-align: justify;\"><span style=\"font-size: 12pt;\">Depuis la fin des ann\u00e9es 90, la Cour subit toutefois des critiques l\u2019accusant d\u2019\u00e9tendre ses pouvoirs en ordonnant des modifications de lois nationales comme mesures de r\u00e9parations aux victimes<a href=\"#_ftn17\" name=\"_ftnref17\">[17]<\/a>. Par exemple, \u00e0 l\u2019occasion de l\u2019affaire <a href=\"https:\/\/www.corteidh.or.cr\/docs\/casos\/articulos\/seriec_19_ing.pdf\"><em>El Amparo v. Venezuela<\/em><\/a>, l\u2019opinion dissidente du juge Can\u00e7ado Trindade met en exergue cette facult\u00e9 dont se r\u00e9serve la Cour \u00e0 ordonner une r\u00e9forme des lois nationales dans le cadre des mesures de r\u00e9parations des victimes. En l\u2019esp\u00e8ce la Cour a privil\u00e9gi\u00e9 un contr\u00f4le <em>in concreto<\/em> de la <a href=\"https:\/\/www.cidh.org\/Basicos\/French\/c.convention.htm\">Convention<\/a> et a \u00e9cart\u00e9 l\u2019application des dispositions l\u00e9gales litigieuses au cas du requ\u00e9rant uniquement<a href=\"#_ftn18\" name=\"_ftnref18\">[18]<\/a>.<\/span><\/p>\n<p style=\"text-align: justify;\"><span style=\"font-size: 12pt;\">Pour en revenir \u00e0 la Cour africaine, il apparait donc que l\u2019affaire <a href=\"https:\/\/www.african-court.org\/cpmt\/storage\/app\/uploads\/public\/687\/76f\/e1a\/68776fe1a7f93817564917.pdf\"><em>Tembo Hussein c. R\u00e9publique-Unie de Tanzanien<\/em><\/a><em> \u2013<\/em> et toutes les autres qui ont soulev\u00e9 la question du droit \u00e0 la vie et la dignit\u00e9 humaine \u2013 lui aient permis de faire preuve d\u2019une initiative plus audacieuse compar\u00e9e \u00e0 la pratique des Cours europ\u00e9enne et interam\u00e9ricaine. Et c\u2019est peut-\u00eatre bien en raison de cette audace d\u2019interpr\u00e9tation large du <a href=\"https:\/\/au.int\/sites\/default\/files\/treaties\/36393-treaty-0019_-_protocol_to_the_african_charter_on_human_and_peoplesrights_on_the_establishment_of_an_african_court_on_human_and_peoples_rights_f.pdf\">Protocole<\/a> que surgit la m\u00e9fiance des \u00c9tats des Parties. M\u00e9fiance qui se traduit par le retrait de nombre d\u2019entre eux des d\u00e9clarations de reconnaissance des recours individuels pr\u00e9vues \u00e0 l\u2019article 34 (6). Apr\u00e8s une telle affirmation de l\u2019\u00e9tendue de ses comp\u00e9tences, la complexification de l\u2019acc\u00e8s \u00e0 son pr\u00e9toire suffirait-elle \u00e0 freiner l\u2019\u00e9lan qu\u2019elle s\u2019est accord\u00e9 depuis lors ?<\/span><\/p>\n<p style=\"text-align: justify;\"><span style=\"font-size: 10pt;\"><a href=\"#_ftnref1\" name=\"_ftn1\">[1]<\/a> S\u00e8goma Horace Adjolohoun, <em>Jurisdictional Fiction\u00a0? A dialectical scrutinilty of the appelate competence of the african court on human and peoples rights<\/em>, <em>Journal of Comparative Law in Africa<\/em>, 2019.<\/span><\/p>\n<p style=\"text-align: justify;\"><span style=\"font-size: 10pt;\"><a href=\"#_ftnref2\" name=\"_ftn2\">[2]<\/a> CADHP, <em>Ernest Francis Mtingwi c. R\u00e9publique du Malawi<\/em>, \u00a78, 15 mars 2013.<\/span><\/p>\n<p style=\"text-align: justify;\"><span style=\"font-size: 10pt;\"><a href=\"#_ftnref3\" name=\"_ftn3\">[3]<\/a> Ibid \u00a714\u00a0: \u00ab\u00a0(\u2026) <em>the court notes that it does not have any appellate Jurisdiction to receive and consider appeals in respect of cases already decided upon by domectic and.or regional and similar Court\u00a0\u00bb.<\/em><\/span><\/p>\n<p style=\"text-align: justify;\"><span style=\"font-size: 10pt;\"><a href=\"#_ftnref4\" name=\"_ftn4\">[4]<\/a> CADHP, <em>Tembo Hussein c. R\u00e9publique-Unie de Tanzanie<\/em>, 26 juin 2025, \u00a727\u00a0; <em>Kenedy Ivan c. R\u00e9publique-Unie de Tanzanie<\/em>, 28 mars 2019, \u00a726\u00a0; <em>Alex Thomas c. R\u00e9publique-Unie de Tanzanie<\/em>, \u00a7130, 20 nov. 2015<\/span><\/p>\n<p style=\"text-align: justify;\"><span style=\"font-size: 10pt;\"><a href=\"#_ftnref5\" name=\"_ftn5\">[5]<\/a> <em>Tembo Hussein c. Tanzanie<\/em>, <em>op.cit<\/em>., \u00a728\u00a0; <em>Kakobeka c. R\u00e9publique-Unie de Tanzanie<\/em>, \u00a727, 4 d\u00e9cembre 2023.<\/span><\/p>\n<p style=\"text-align: justify;\"><span style=\"font-size: 10pt;\"><a href=\"#_ftnref6\" name=\"_ftn6\">[6]<\/a> Article 41 CEDH\u00a0:\u00a0\u00ab\u00a0Si la Cour d\u00e9clare qu\u2019il y a eu violation de la Convention ou de ses protocoles, et si le droit interne de la Haute Partie contractante ne permet d\u2019effacer qu\u2019imparfaitement les cons\u00e9quences de cette violation,\u00a0la Cour accorde \u00e0 la partie l\u00e9s\u00e9e, s\u2019il y a lieu, une satisfaction\u00a0\u00e9quitable\u00a0\u00bb.<\/span><\/p>\n<p style=\"text-align: justify;\"><span style=\"font-size: 10pt;\"><a href=\"#_ftnref7\" name=\"_ftn7\">[7]<\/a> CEDH, <em>Aleksanyan c. Russie<\/em>, \u00a7238, 22 d\u00e9cembre 2008.<\/span><\/p>\n<p style=\"text-align: justify;\"><span style=\"font-size: 10pt;\"><a href=\"#_ftnref8\" name=\"_ftn8\">[8]<\/a> <em>Ibid<\/em>., \u00a7240.<\/span><\/p>\n<p style=\"text-align: justify;\"><span style=\"font-size: 10pt;\"><a href=\"#_ftnref9\" name=\"_ftn9\">[9]<\/a> CIADH, <em>De La Cruz Flores v. Peru<\/em>, \u00a7169, 18 novembre 2004\u00a0; <em>Norin Catriman &amp; others v. Chile<\/em>, \u00a7422, 29 mai 2014\u00a0; CADHP, <em>Kakobeka c. R\u00e9publique-Unie de Tanzanie<\/em>, op.cit., \u00a727\u00a0; <em>Tembo Hussein c. R\u00e9publique-Unie de Tanzanie<\/em>, o., \u00a784, <em>op.cit<\/em>., et \u00a786.<\/span><\/p>\n<p style=\"text-align: justify;\"><span style=\"font-size: 10pt;\"><a href=\"#_ftnref10\" name=\"_ftn10\">[10]<\/a> <em>Tembo Hussein c. R\u00e9publique Unie de Tanzanie<\/em>, <em>op.cit.<\/em>, \u00a785 et 87.<\/span><\/p>\n<p style=\"text-align: justify;\"><span style=\"font-size: 10pt;\"><a href=\"#_ftnref11\" name=\"_ftn11\">[11]<\/a> Patrick Ga\u00efa, <em>\u00ab\u00a0Le contr\u00f4le de conventionnalit\u00e9\u00a0\u00bb<\/em>, <em>RFDC<\/em>, 2008, p.202.<\/span><\/p>\n<p style=\"text-align: justify;\"><span style=\"font-size: 10pt;\"><a href=\"#_ftnref12\" name=\"_ftn12\">[12]<\/a> Plusieurs arr\u00eats de la Cour africaine r\u00e9affirment cette position, dont la plupart concerne justement la R\u00e9publique-Unie de Tanzanie. En plus de l\u2019arr\u00eat <em>Tembo Hussein<\/em>, il s\u2019agit par exemple de l\u2019arr\u00eat <em>Lameck Bazil c. R\u00e9publique-Unie de Tanzanie<\/em> du 13 novembre 2024 (\u00a755-58), ou encore de l\u2019arr\u00eat <em>Mulokozi Anatory c. R\u00e9publique-Unie de Tanzanie<\/em> du 5 septembre 2023 (\u00a773), et bien d\u2019autres mettant en cause la peine de mort et les traitements inhumains et d\u00e9gradants.<\/span><\/p>\n<p style=\"text-align: justify;\"><span style=\"font-size: 10pt;\"><a href=\"#_ftnref13\" name=\"_ftn13\">[13]<\/a> <em>Tembo Hussein c. R\u00e9publique de Tanzanie, op.cit<\/em>., \u00a758, \u00a775, \u00a777<\/span><\/p>\n<p style=\"text-align: justify;\"><span style=\"font-size: 10pt;\"><a href=\"#_ftnref14\" name=\"_ftn14\">[14]<\/a> <em>Aleksanyan c. Russie<\/em>, <em>op.cit<\/em>.<\/span><\/p>\n<p style=\"text-align: justify;\"><span style=\"font-size: 10pt;\"><a href=\"#_ftnref15\" name=\"_ftn15\">[15]<\/a> CEDH, <em>Radomilja et autres c. Croatie<\/em> (GC), \u00a7126, 20 mars 2018\u00a0; <em>Mibilanzila Mayeka et Kaniki Mitunga c. Belgique<\/em>, 26 janvier 2006.<\/span><\/p>\n<p style=\"text-align: justify;\"><span style=\"font-size: 10pt;\"><a href=\"#_ftnref16\" name=\"_ftn16\">[16]<\/a> CIADH, <em>Almonacid Arellano &amp; others v. Chile<\/em>, \u00a7124-125, 26 septembre 2006<\/span><\/p>\n<p style=\"text-align: justify;\"><span style=\"font-size: 10pt;\"><a href=\"#_ftnref17\" name=\"_ftn17\">[17]<\/a> Douglass Cassel, <em>The expanding scope and impact of reparations awarded by the inter-american court of human rights<\/em>, <em>Center for Civil and Human rights<\/em>, Notre Dame Law School, 2006, p.96.<\/span><\/p>\n<p style=\"text-align: justify;\"><span style=\"font-size: 10pt;\"><a href=\"#_ftnref18\" name=\"_ftn18\">[18]<\/a> CIADH, <em>El Amparo v. Venezuela<\/em>, \u00a7\u00a7 56-60, 14 septembre 1996.<\/span><\/p>\n\n\n<div class=\"wp-block-post-author\"><div class=\"wp-block-post-author__avatar\"><img alt='' src='https:\/\/secure.gravatar.com\/avatar\/0b2ea4bc3b220ca4e496c784ecf1fedd78fa36c8fa4b2022a08a3357f25e2d14?s=48&#038;d=identicon&#038;r=g' srcset='https:\/\/secure.gravatar.com\/avatar\/0b2ea4bc3b220ca4e496c784ecf1fedd78fa36c8fa4b2022a08a3357f25e2d14?s=96&#038;d=identicon&#038;r=g 2x' class='avatar avatar-48 photo' height='48' width='48' \/><\/div><div class=\"wp-block-post-author__content\"><p class=\"wp-block-post-author__name\">Nuances du Droit<\/p><\/div><\/div>\n\n\n<p class=\"has-text-align-right\">Par\u00a0<strong>Rodin PRIVAT ZAHIMANOHY<\/strong><\/p>\n\n\n\n<p class=\"has-text-align-right\"><em>Doctorant \u00e0 l\u2019Universit\u00e9 Toulouse-1 Capitole<\/em><\/p>\n","protected":false},"excerpt":{"rendered":"<p>Cour africaine des droits de l\u2019Homme et des peuples, arr\u00eat du 26 Juin 2025, Requ\u00eate N\u00b0001\/2018, Tembo Hussein c. R\u00e9publique-Unie de Tanzanie Dans un contexte de d\u00e9fiance croissante des \u00c9tats \u00e0 l\u2019\u00e9gard de la Cour africaine des droits de l\u2019Homme et des peuples, l\u2019arr\u00eat Tembo Hussein c. R\u00e9publique-Unie de Tanzanie apparait comme une r\u00e9affirmation de [&hellip;]<\/p>\n","protected":false},"author":2,"featured_media":1420,"comment_status":"closed","ping_status":"","sticky":false,"template":"","format":"standard","meta":{"_editorskit_title_hidden":false,"_editorskit_reading_time":0,"_editorskit_is_block_options_detached":false,"_editorskit_block_options_position":"{}","footnotes":""},"categories":[8,10],"tags":[18,19],"class_list":["post-1415","post","type-post","status-publish","format-standard","has-post-thumbnail","hentry","category-droit-international","category-droits-de-lhomme","tag-droit-international","tag-droits-de-lhomme"],"_links":{"self":[{"href":"https:\/\/nuancesdudroit.fr\/index.php?rest_route=\/wp\/v2\/posts\/1415","targetHints":{"allow":["GET"]}}],"collection":[{"href":"https:\/\/nuancesdudroit.fr\/index.php?rest_route=\/wp\/v2\/posts"}],"about":[{"href":"https:\/\/nuancesdudroit.fr\/index.php?rest_route=\/wp\/v2\/types\/post"}],"author":[{"embeddable":true,"href":"https:\/\/nuancesdudroit.fr\/index.php?rest_route=\/wp\/v2\/users\/2"}],"replies":[{"embeddable":true,"href":"https:\/\/nuancesdudroit.fr\/index.php?rest_route=%2Fwp%2Fv2%2Fcomments&post=1415"}],"version-history":[{"count":4,"href":"https:\/\/nuancesdudroit.fr\/index.php?rest_route=\/wp\/v2\/posts\/1415\/revisions"}],"predecessor-version":[{"id":1419,"href":"https:\/\/nuancesdudroit.fr\/index.php?rest_route=\/wp\/v2\/posts\/1415\/revisions\/1419"}],"wp:featuredmedia":[{"embeddable":true,"href":"https:\/\/nuancesdudroit.fr\/index.php?rest_route=\/wp\/v2\/media\/1420"}],"wp:attachment":[{"href":"https:\/\/nuancesdudroit.fr\/index.php?rest_route=%2Fwp%2Fv2%2Fmedia&parent=1415"}],"wp:term":[{"taxonomy":"category","embeddable":true,"href":"https:\/\/nuancesdudroit.fr\/index.php?rest_route=%2Fwp%2Fv2%2Fcategories&post=1415"},{"taxonomy":"post_tag","embeddable":true,"href":"https:\/\/nuancesdudroit.fr\/index.php?rest_route=%2Fwp%2Fv2%2Ftags&post=1415"}],"curies":[{"name":"wp","href":"https:\/\/api.w.org\/{rel}","templated":true}]}}